{"id":1480,"date":"2020-04-07T11:24:13","date_gmt":"2020-04-07T09:24:13","guid":{"rendered":"http:\/\/www.cabb-lille.fr\/?p=1480"},"modified":"2020-04-07T11:32:22","modified_gmt":"2020-04-07T09:32:22","slug":"coronateliers-1-fabrication-dencres-colorees-retour-en-images","status":"publish","type":"post","link":"http:\/\/www.cabb-lille.fr\/index.php\/2020\/04\/07\/coronateliers-1-fabrication-dencres-colorees-retour-en-images\/","title":{"rendered":"CORONATELIERS 1 \/ Fabrication d&#8217;encres color\u00e9es \/ retour en images"},"content":{"rendered":"\t\t<div data-elementor-type=\"wp-post\" data-elementor-id=\"1480\" class=\"elementor elementor-1480\" data-elementor-settings=\"[]\">\n\t\t\t<div class=\"elementor-inner\">\n\t\t\t\t<div class=\"elementor-section-wrap\">\n\t\t\t\t\t\t\t<section class=\"elementor-element elementor-element-7dde641 elementor-section-boxed elementor-section-height-default elementor-section-height-default elementor-section elementor-top-section\" data-id=\"7dde641\" data-element_type=\"section\">\n\t\t\t\t\t\t<div class=\"elementor-container elementor-column-gap-default\">\n\t\t\t\t<div class=\"elementor-row\">\n\t\t\t\t<div class=\"elementor-element elementor-element-a7bfd42 elementor-column elementor-col-100 elementor-top-column\" data-id=\"a7bfd42\" data-element_type=\"column\">\n\t\t\t<div class=\"elementor-column-wrap  elementor-element-populated\">\n\t\t\t\t\t<div class=\"elementor-widget-wrap\">\n\t\t\t\t<div class=\"elementor-element elementor-element-be0b95b elementor-widget elementor-widget-text-editor\" data-id=\"be0b95b\" data-element_type=\"widget\" data-widget_type=\"text-editor.default\">\n\t\t\t\t<div class=\"elementor-widget-container\">\n\t\t\t\t\t<div class=\"elementor-text-editor elementor-clearfix\"><p><span style=\"font-family: verdana, sans-serif;\">Non, ce n&#8217;est pas un m\u00e9chant, moche et mesquin virus qui allait arr\u00eater notre ing\u00e9nieuse intervenante artistique.<\/span><\/p><p><span style=\"font-family: verdana, sans-serif;\">Depuis le d\u00e9but du confinement, Mathilde concocte \u00e0 distance des CORONATELIERS \u00a0pour les participants aux ateliers d&#8217;Arts Plastiques\u00a0<\/span><span style=\"font-family: verdana, sans-serif;\">\u00e0 l&#8217;Espace Pignon.<\/span><\/p><p><span style=\"font-family: verdana, sans-serif;\">Pour le premier atelier, Mathilde, sensible \u00e0 l&#8217;art de la r\u00e9cup, a propos\u00e9 un atelier de fabrication d&#8217;encres color\u00e9es \u00e0 partir de vieux feutres&#8230;\u00a0<\/span><\/p><p><span style=\"font-family: verdana, sans-serif;\">Encres qui seront r\u00e9utilis\u00e9es pour le second CORONATELIER&#8230; Affaire \u00e0 suivre&#8230;<img alt=\"\u263a\" data-goomoji=\"263a\" \/><\/span><\/p><p><span style=\"font-family: verdana, sans-serif;\">Voici quelques retours en images !\u00a0<\/span><\/p><p>Prenez bien soin de vous !<\/p><p>L&#8217;\u00e9quipe du CABB<\/p><\/div>\n\t\t\t\t<\/div>\n\t\t\t\t<\/div>\n\t\t\t\t\t\t<\/div>\n\t\t\t<\/div>\n\t\t<\/div>\n\t\t\t\t\t\t<\/div>\n\t\t\t<\/div>\n\t\t<\/section>\n\t\t\t\t<section class=\"elementor-element elementor-element-18ad407 elementor-section-boxed elementor-section-height-default elementor-section-height-default elementor-section elementor-top-section\" data-id=\"18ad407\" data-element_type=\"section\">\n\t\t\t\t\t\t<div class=\"elementor-container elementor-column-gap-default\">\n\t\t\t\t<div class=\"elementor-row\">\n\t\t\t\t<div class=\"elementor-element elementor-element-c331314 elementor-column elementor-col-100 elementor-top-column\" data-id=\"c331314\" data-element_type=\"column\">\n\t\t\t<div class=\"elementor-column-wrap  elementor-element-populated\">\n\t\t\t\t\t<div class=\"elementor-widget-wrap\">\n\t\t\t\t<div class=\"elementor-element elementor-element-5224f59 elementor-widget elementor-widget-image-gallery\" data-id=\"5224f59\" data-element_type=\"widget\" data-widget_type=\"image-gallery.default\">\n\t\t\t\t<div class=\"elementor-widget-container\">\n\t\t\t\t\t<div class=\"elementor-image-gallery\">\n\t\t\t<div id='gallery-1' class='gallery galleryid-1480 gallery-columns-4 gallery-size-thumbnail'><figure class='gallery-item'>\n\t\t\t<div class='gallery-icon landscape'>\n\t\t\t\t<a data-elementor-open-lightbox=\"default\" data-elementor-lightbox-slideshow=\"5224f59\" href='http:\/\/www.cabb-lille.fr\/wp-content\/uploads\/2020\/04\/607707615-1.jpg'><img loading=\"lazy\" decoding=\"async\" width=\"150\" height=\"150\" src=\"http:\/\/www.cabb-lille.fr\/wp-content\/uploads\/2020\/04\/607707615-1-150x150.jpg\" class=\"attachment-thumbnail size-thumbnail\" alt=\"\" \/><\/a>\n\t\t\t<\/div><\/figure><figure class='gallery-item'>\n\t\t\t<div class='gallery-icon portrait'>\n\t\t\t\t<a data-elementor-open-lightbox=\"default\" data-elementor-lightbox-slideshow=\"5224f59\" href='http:\/\/www.cabb-lille.fr\/wp-content\/uploads\/2020\/04\/IMG_20200321_145834.jpg'><img loading=\"lazy\" decoding=\"async\" width=\"150\" height=\"150\" src=\"http:\/\/www.cabb-lille.fr\/wp-content\/uploads\/2020\/04\/IMG_20200321_145834-150x150.jpg\" class=\"attachment-thumbnail size-thumbnail\" alt=\"\" \/><\/a>\n\t\t\t<\/div><\/figure><figure class='gallery-item'>\n\t\t\t<div class='gallery-icon portrait'>\n\t\t\t\t<a data-elementor-open-lightbox=\"default\" data-elementor-lightbox-slideshow=\"5224f59\" href='http:\/\/www.cabb-lille.fr\/wp-content\/uploads\/2020\/04\/CAUDRON-CORONATELIER-1.jpg'><img loading=\"lazy\" decoding=\"async\" width=\"150\" height=\"150\" src=\"http:\/\/www.cabb-lille.fr\/wp-content\/uploads\/2020\/04\/CAUDRON-CORONATELIER-1-150x150.jpg\" class=\"attachment-thumbnail size-thumbnail\" alt=\"\" \/><\/a>\n\t\t\t<\/div><\/figure><figure class='gallery-item'>\n\t\t\t<div class='gallery-icon landscape'>\n\t\t\t\t<a data-elementor-open-lightbox=\"default\" data-elementor-lightbox-slideshow=\"5224f59\" href='http:\/\/www.cabb-lille.fr\/wp-content\/uploads\/2020\/04\/IMG_20200321_145815.jpg'><img loading=\"lazy\" decoding=\"async\" width=\"150\" height=\"150\" src=\"http:\/\/www.cabb-lille.fr\/wp-content\/uploads\/2020\/04\/IMG_20200321_145815-150x150.jpg\" class=\"attachment-thumbnail size-thumbnail\" alt=\"\" \/><\/a>\n\t\t\t<\/div><\/figure><figure class='gallery-item'>\n\t\t\t<div class='gallery-icon landscape'>\n\t\t\t\t<a data-elementor-open-lightbox=\"default\" data-elementor-lightbox-slideshow=\"5224f59\" href='http:\/\/www.cabb-lille.fr\/wp-content\/uploads\/2020\/04\/encres.jpeg'><img loading=\"lazy\" decoding=\"async\" width=\"150\" height=\"150\" src=\"http:\/\/www.cabb-lille.fr\/wp-content\/uploads\/2020\/04\/encres-150x150.jpeg\" class=\"attachment-thumbnail size-thumbnail\" alt=\"\" \/><\/a>\n\t\t\t<\/div><\/figure><figure class='gallery-item'>\n\t\t\t<div class='gallery-icon landscape'>\n\t\t\t\t<a data-elementor-open-lightbox=\"default\" data-elementor-lightbox-slideshow=\"5224f59\" href='http:\/\/www.cabb-lille.fr\/wp-content\/uploads\/2020\/04\/encre-1-1.jpg'><img loading=\"lazy\" decoding=\"async\" width=\"150\" height=\"150\" src=\"http:\/\/www.cabb-lille.fr\/wp-content\/uploads\/2020\/04\/encre-1-1-150x150.jpg\" class=\"attachment-thumbnail size-thumbnail\" alt=\"\" \/><\/a>\n\t\t\t<\/div><\/figure>\n\t\t<\/div>\n\t\t<\/div>\n\t\t\t\t<\/div>\n\t\t\t\t<\/div>\n\t\t\t\t\t\t<\/div>\n\t\t\t<\/div>\n\t\t<\/div>\n\t\t\t\t\t\t<\/div>\n\t\t\t<\/div>\n\t\t<\/section>\n\t\t\t\t\t\t<\/div>\n\t\t\t<\/div>\n\t\t<\/div>\n\t\t","protected":false},"excerpt":{"rendered":"<p>Non, ce n&#8217;est pas un m\u00e9chant, moche et mesquin virus qui allait arr\u00eater notre ing\u00e9nieuse intervenante artistique. Depuis le d\u00e9but du confinement, Mathilde concocte \u00e0 distance des CORONATELIERS \u00a0pour les participants aux ateliers d&#8217;Arts Plastiques\u00a0\u00e0 l&#8217;Espace Pignon. Pour le premier [&hellip;]<\/p>\n","protected":false},"author":1,"featured_media":1481,"comment_status":"open","ping_status":"open","sticky":false,"template":"","format":"standard","meta":{"_monsterinsights_skip_tracking":false,"_monsterinsights_sitenote_active":false,"_monsterinsights_sitenote_note":"","_monsterinsights_sitenote_category":0,"amp_status":"","footnotes":""},"categories":[9,1],"tags":[],"class_list":["post-1480","post","type-post","status-publish","format-standard","has-post-thumbnail","hentry","category-les-ateliers","category-non-classe"],"_links":{"self":[{"href":"http:\/\/www.cabb-lille.fr\/index.php\/wp-json\/wp\/v2\/posts\/1480","targetHints":{"allow":["GET"]}}],"collection":[{"href":"http:\/\/www.cabb-lille.fr\/index.php\/wp-json\/wp\/v2\/posts"}],"about":[{"href":"http:\/\/www.cabb-lille.fr\/index.php\/wp-json\/wp\/v2\/types\/post"}],"author":[{"embeddable":true,"href":"http:\/\/www.cabb-lille.fr\/index.php\/wp-json\/wp\/v2\/users\/1"}],"replies":[{"embeddable":true,"href":"http:\/\/www.cabb-lille.fr\/index.php\/wp-json\/wp\/v2\/comments?post=1480"}],"version-history":[{"count":3,"href":"http:\/\/www.cabb-lille.fr\/index.php\/wp-json\/wp\/v2\/posts\/1480\/revisions"}],"predecessor-version":[{"id":1490,"href":"http:\/\/www.cabb-lille.fr\/index.php\/wp-json\/wp\/v2\/posts\/1480\/revisions\/1490"}],"wp:featuredmedia":[{"embeddable":true,"href":"http:\/\/www.cabb-lille.fr\/index.php\/wp-json\/wp\/v2\/media\/1481"}],"wp:attachment":[{"href":"http:\/\/www.cabb-lille.fr\/index.php\/wp-json\/wp\/v2\/media?parent=1480"}],"wp:term":[{"taxonomy":"category","embeddable":true,"href":"http:\/\/www.cabb-lille.fr\/index.php\/wp-json\/wp\/v2\/categories?post=1480"},{"taxonomy":"post_tag","embeddable":true,"href":"http:\/\/www.cabb-lille.fr\/index.php\/wp-json\/wp\/v2\/tags?post=1480"}],"curies":[{"name":"wp","href":"https:\/\/api.w.org\/{rel}","templated":true}]}}