{"id":3742,"date":"2022-11-30T12:01:52","date_gmt":"2022-11-30T11:01:52","guid":{"rendered":"http:\/\/www.cabb-lille.fr\/?p=3742"},"modified":"2023-04-05T14:07:23","modified_gmt":"2023-04-05T12:07:23","slug":"le-petit-marche-dedouard-p","status":"publish","type":"post","link":"http:\/\/www.cabb-lille.fr\/index.php\/2022\/11\/30\/le-petit-marche-dedouard-p\/","title":{"rendered":"LE PETIT MARCH\u00c9 D&#8217;EDOUARD P."},"content":{"rendered":"\t\t<div data-elementor-type=\"wp-post\" data-elementor-id=\"3742\" class=\"elementor elementor-3742\" data-elementor-settings=\"[]\">\n\t\t\t<div class=\"elementor-inner\">\n\t\t\t\t<div class=\"elementor-section-wrap\">\n\t\t\t\t\t\t\t<section class=\"elementor-element elementor-element-48f9672 elementor-section-boxed elementor-section-height-default elementor-section-height-default elementor-section elementor-top-section\" data-id=\"48f9672\" data-element_type=\"section\">\n\t\t\t\t\t\t<div class=\"elementor-container elementor-column-gap-default\">\n\t\t\t\t<div class=\"elementor-row\">\n\t\t\t\t<div class=\"elementor-element elementor-element-d4aac5c elementor-column elementor-col-100 elementor-top-column\" data-id=\"d4aac5c\" data-element_type=\"column\">\n\t\t\t<div class=\"elementor-column-wrap  elementor-element-populated\">\n\t\t\t\t\t<div class=\"elementor-widget-wrap\">\n\t\t\t\t<div class=\"elementor-element elementor-element-80d3c84 elementor-widget elementor-widget-text-editor\" data-id=\"80d3c84\" data-element_type=\"widget\" data-widget_type=\"text-editor.default\">\n\t\t\t\t<div class=\"elementor-widget-container\">\n\t\t\t\t\t<div class=\"elementor-text-editor elementor-clearfix\"><div class=\"x11i5rnm xat24cr x1mh8g0r x1vvkbs xdj266r\"><strong>9-10-11 d\u00e9cembre 2022 \/ Rejoignez-nous pour la 13\u00e8me \u00e9dition du PETIT MARCH\u00c9 D&#8217;EDOUARD P.<\/strong><\/div><div class=\"x11i5rnm xat24cr x1mh8g0r x1vvkbs xtlvy1s\">De nombreux cr\u00e9ateurs plein de talents : des id\u00e9es originales pour vos petits cadeaux de fin d&#8217;ann\u00e9e ! Des animations, des ateliers&#8230;<br \/>Rendez-vous au CLAP, 18, rue du Pont \u00e0 Fourchon \u00e0 Lille &#8211; Quartier Bois Blancs<\/div><div class=\"x11i5rnm xat24cr x1mh8g0r x1vvkbs xtlvy1s\">\u00a0<\/div><div class=\"x11i5rnm xat24cr x1mh8g0r x1vvkbs xtlvy1s\"><strong>CR\u00c9ATEURS &#8211; ATELIERS &#8211; ANIMATIONS<\/strong><\/div><div class=\"x11i5rnm xat24cr x1mh8g0r x1vvkbs xtlvy1s\"><strong>VENDREDI 9 D\u00c9CEMBRE<\/strong> : 19h \u00e0 22h<br \/>19h : ouverture du March\u00e9<br \/>20h : concert &#8221; Short Ideas&#8221;<\/div><div>\u00a0<\/div><div class=\"x11i5rnm xat24cr x1mh8g0r x1vvkbs xtlvy1s\"><strong>SAMEDI 10 D\u00c9CEMBRE<\/strong> : 10h \u00e0 19h<br \/>10h30 \u00e0 12h : atelier artistique (tout public \u00e0 partir de 7 ans)<br \/>PAF : 5\u20ac &#8211; inscription : contact@cabb-lille<br \/>12h : Ap\u00e9ro-Gospel<br \/>15h30 : Atelier maquillage &#8211; Magicien Close-up<\/div><div>\u00a0<\/div><div class=\"x11i5rnm xat24cr x1mh8g0r x1vvkbs xtlvy1s\"><strong>DIMANCHE 11 D\u00c9CEMBRE<\/strong> : 14h \u00e0 18h<br \/>17h : La Grande Barri\u00e8re de Chorale<br \/>18h : Tirage de la Loterie<\/div><div>\u00a0<\/div><div class=\"x11i5rnm xat24cr x1mh8g0r x1vvkbs xtlvy1s\"><strong>CR\u00c9ATEURS<\/strong><br \/>l&#8217;Atelier M, Anne Malapel, Barbe et Bois Cr\u00e9ations, Bertrand Riff, BijouxChic, Chloelia Delesalle, C2PZ, Denise Duchatel, Emoko, Estelle Nottaris, Fanchon Cr\u00e9ations, Flooo, Guili-Guili et Pointilleuse, H\u00e9l\u00e8ne Langlet, Ma\u00ef, Mazelle et ses mosa\u00efques, Le Tatami de Lucienne, Tom Violleau, Tonton Chou et Clouk&#8217;, C\u00e9ramique.par.Ya, Servane Nony, Tania Leyronnas, Virginie Demey.<\/div><div>\u00a0<\/div><div class=\"x11i5rnm xat24cr x1mh8g0r x1vvkbs xtlvy1s\"><strong>BAR ET PETITE RESTAURATION : CABB ET HOUBLONS-NOUS<\/strong><\/div><div class=\"x11i5rnm xat24cr x1mh8g0r x1vvkbs xtlvy1s\">\u00a0<\/div><div class=\"x11i5rnm xat24cr x1mh8g0r x1vvkbs xtlvy1s\"><strong>SAMEDI 10 d\u00e9cembre<\/strong> entre 8h30 et 16h30, vous pouvez aussi profiter de votre visite au March\u00e9 des cr\u00e9ateurs pour faire un tour \u00e0 la <strong>BOURSE AUX JOUETS<\/strong> organis\u00e9e par la Maison de Quartier des Bois Blancs au Centre Social Rosette de May &#8211; 60, rue Anne de la Bourdonnaye. C&#8217;est juste \u00e0 c\u00f4t\u00e9 !<div class=\"x1i10hfl xjbqb8w x6umtig x1b1mbwd xaqea5y xav7gou x9f619 x1ypdohk xt0psk2 xe8uvvx xdj266r x11i5rnm xat24cr x1mh8g0r xexx8yu x4uap5 x18d9i69 xkhd6sd x16tdsg8 x1hl2dhg xggy1nq x1a2a7pz xt0b8zv xzsf02u x1s688f\" tabindex=\"0\" role=\"button\">\u00a0<\/div><\/div><\/div>\n\t\t\t\t<\/div>\n\t\t\t\t<\/div>\n\t\t\t\t\t\t<\/div>\n\t\t\t<\/div>\n\t\t<\/div>\n\t\t\t\t\t\t<\/div>\n\t\t\t<\/div>\n\t\t<\/section>\n\t\t\t\t\t\t<\/div>\n\t\t\t<\/div>\n\t\t<\/div>\n\t\t","protected":false},"excerpt":{"rendered":"<p>9-10-11 d\u00e9cembre 2022 \/ Rejoignez-nous pour la 13\u00e8me \u00e9dition du PETIT MARCH\u00c9 D&#8217;EDOUARD P.De nombreux cr\u00e9ateurs plein de talents : des id\u00e9es originales pour vos petits cadeaux de fin d&#8217;ann\u00e9e ! Des animations, des ateliers&#8230; Rendez-vous au CLAP, 18, rue [&hellip;]<\/p>\n","protected":false},"author":1,"featured_media":3745,"comment_status":"open","ping_status":"open","sticky":false,"template":"","format":"standard","meta":{"_monsterinsights_skip_tracking":false,"_monsterinsights_sitenote_active":false,"_monsterinsights_sitenote_note":"","_monsterinsights_sitenote_category":0,"amp_status":"","footnotes":""},"categories":[12],"tags":[],"class_list":["post-3742","post","type-post","status-publish","format-standard","has-post-thumbnail","hentry","category-les-animations"],"_links":{"self":[{"href":"http:\/\/www.cabb-lille.fr\/index.php\/wp-json\/wp\/v2\/posts\/3742","targetHints":{"allow":["GET"]}}],"collection":[{"href":"http:\/\/www.cabb-lille.fr\/index.php\/wp-json\/wp\/v2\/posts"}],"about":[{"href":"http:\/\/www.cabb-lille.fr\/index.php\/wp-json\/wp\/v2\/types\/post"}],"author":[{"embeddable":true,"href":"http:\/\/www.cabb-lille.fr\/index.php\/wp-json\/wp\/v2\/users\/1"}],"replies":[{"embeddable":true,"href":"http:\/\/www.cabb-lille.fr\/index.php\/wp-json\/wp\/v2\/comments?post=3742"}],"version-history":[{"count":3,"href":"http:\/\/www.cabb-lille.fr\/index.php\/wp-json\/wp\/v2\/posts\/3742\/revisions"}],"predecessor-version":[{"id":3746,"href":"http:\/\/www.cabb-lille.fr\/index.php\/wp-json\/wp\/v2\/posts\/3742\/revisions\/3746"}],"wp:featuredmedia":[{"embeddable":true,"href":"http:\/\/www.cabb-lille.fr\/index.php\/wp-json\/wp\/v2\/media\/3745"}],"wp:attachment":[{"href":"http:\/\/www.cabb-lille.fr\/index.php\/wp-json\/wp\/v2\/media?parent=3742"}],"wp:term":[{"taxonomy":"category","embeddable":true,"href":"http:\/\/www.cabb-lille.fr\/index.php\/wp-json\/wp\/v2\/categories?post=3742"},{"taxonomy":"post_tag","embeddable":true,"href":"http:\/\/www.cabb-lille.fr\/index.php\/wp-json\/wp\/v2\/tags?post=3742"}],"curies":[{"name":"wp","href":"https:\/\/api.w.org\/{rel}","templated":true}]}}