{"id":4817,"date":"2024-10-23T13:48:46","date_gmt":"2024-10-23T11:48:46","guid":{"rendered":"http:\/\/www.cabb-lille.fr\/?p=4817"},"modified":"2024-10-23T13:51:33","modified_gmt":"2024-10-23T11:51:33","slug":"zone-libre-francois-tilly","status":"publish","type":"post","link":"http:\/\/www.cabb-lille.fr\/index.php\/2024\/10\/23\/zone-libre-francois-tilly\/","title":{"rendered":"ZONE LIBRE &#8211; Fran\u00e7ois Tilly &#8211; 15\/11 au 12\/12"},"content":{"rendered":"\t\t<div data-elementor-type=\"wp-post\" data-elementor-id=\"4817\" class=\"elementor elementor-4817\" data-elementor-settings=\"[]\">\n\t\t\t<div class=\"elementor-inner\">\n\t\t\t\t<div class=\"elementor-section-wrap\">\n\t\t\t\t\t\t\t<section class=\"elementor-element elementor-element-1bc4326 elementor-section-boxed elementor-section-height-default elementor-section-height-default elementor-section elementor-top-section\" data-id=\"1bc4326\" data-element_type=\"section\">\n\t\t\t\t\t\t<div class=\"elementor-container elementor-column-gap-default\">\n\t\t\t\t<div class=\"elementor-row\">\n\t\t\t\t<div class=\"elementor-element elementor-element-b11acf7 elementor-column elementor-col-100 elementor-top-column\" data-id=\"b11acf7\" data-element_type=\"column\">\n\t\t\t<div class=\"elementor-column-wrap  elementor-element-populated\">\n\t\t\t\t\t<div class=\"elementor-widget-wrap\">\n\t\t\t\t<div class=\"elementor-element elementor-element-6ef5118 elementor-widget elementor-widget-text-editor\" data-id=\"6ef5118\" data-element_type=\"widget\" data-widget_type=\"text-editor.default\">\n\t\t\t\t<div class=\"elementor-widget-container\">\n\t\t\t\t\t<div class=\"elementor-text-editor elementor-clearfix\"><div><div><b>Fran\u00e7ois Tilly est un artiste plasticien lillois dont la d\u00e9marche est ancr\u00e9e dans la sc\u00e9nographie. Form\u00e9 \u00e0 l&#8217;\u00c9cole Nationale Sup\u00e9rieure des Arts D\u00e9coratifs \u00e0 Paris, il a d&#8217;abord cr\u00e9\u00e9 des mises en sc\u00e8ne pour des spectacles. Puis il se consacre \u00e0 une production plastique personnelle, d\u00e9veloppant des \u0153uvres vari\u00e9es, multi-support, notamment des sculptures, des dessins, des installations monumentales, des peintures.<\/b><\/div><div>\u00a0<\/div><div><div class=\"gmail-x11i5rnm gmail-xat24cr gmail-x1mh8g0r gmail-x1vvkbs gmail-xtlvy1s\"><p>Son parcours s\u2019inscrit dans l\u2019h\u00e9ritage des Surr\u00e9alistes : m\u00ealant humour, po\u00e9sie, r\u00e9cit, d\u00e9rision, introspection, il propose des collages en volumes, explore la contradiction, la mise en tension des \u00e9l\u00e9ments qu\u2019il confronte librement, cherchant le sens par la suite. Sa d\u00e9marche est instinctive, ludique et l\u2019on s\u2019immerge avec d\u00e9lice et intrigue dans chaque univers propos\u00e9. D\u2019\u00e9tranges personnages se comportent en autruche, des animaux sauvages portent avec ironie nos injonctions d\u2019adultes, la figure de Dieux grecs s\u2019immiscent tels des fant\u00f4mes dans nos espaces publics.<\/p><p>Fran\u00e7ois Tilly cr\u00e9e du d\u00e9sarroi, nous pose des questions non sans malice. Dans ce parcours intitul\u00e9 \u00ab zone libre \u00bb, il nous invite \u00e0 venir explorer librement un ensemble de propositions cr\u00e9atives, \u00e9tonnantes et d\u00e9tonantes, partant de son histoire, une histoire, notre histoire, imaginant des pi\u00e8ces mobiles et inventives, o\u00f9 l\u2019on pourrait ais\u00e9ment s\u2019y perdre, s\u2019y retrouver.<\/p><p style=\"text-align: center;\">\u00a0 \u00a0 \u00a0texte de pr\u00e9sentation : Tania Leyronnas\u00a0 \u00a0 \u00a0 \u00a0 \u00a0 \u00a0 \u00a0 \u00a0\u00a0<\/p><\/div><div>\u00a0<\/div><div class=\"gmail-x11i5rnm gmail-xat24cr gmail-x1mh8g0r gmail-x1vvkbs gmail-xtlvy1s\" style=\"text-align: center;\"><b><u>VERNISSAGE le vendredi 15\/11 \u00e0 19h<\/u><\/b><\/div><div>\u00a0<\/div><div class=\"gmail-x11i5rnm gmail-xat24cr gmail-x1mh8g0r gmail-x1vvkbs gmail-xtlvy1s\"><b>Performance danse et musique de la Cie du 8 Renvers\u00e9 : <\/b><b>\u201c<i>\u00a0IMPROMPTUS\u00a0<\/i>\u201c\u00a0\u00a0<\/b>Danseuse : Katarzyna Wolf\u00a0 \u00a0 Musicien : \u00c9ric Navet\u00a0 &#8211; Conception : Carla Foris, chor\u00e9graphe<\/div><div>\u00a0<\/div><div class=\"gmail-x11i5rnm gmail-xat24cr gmail-x1mh8g0r gmail-x1vvkbs gmail-xtlvy1s\"><span class=\"gmail-html-span gmail-xexx8yu gmail-x4uap5 gmail-x18d9i69 gmail-xkhd6sd gmail-x1hl2dhg gmail-x16tdsg8 gmail-x1vvkbs gmail-x3nfvp2 gmail-x1j61x8r gmail-x1fcty0u gmail-xdj266r gmail-xat24cr gmail-xgzva0m gmail-xhhsvwb gmail-xxymvpz gmail-xlup9mm gmail-x1kky2od\"><img loading=\"lazy\" decoding=\"async\" class=\"gmail-xz74otr\" src=\"https:\/\/static.xx.fbcdn.net\/images\/emoji.php\/v9\/t1d\/2\/16\/1f4c5.png\" alt=\"\ud83d\udcc5\" width=\"16\" height=\"16\" \/><\/span>\u00a0<b>Expo visible du 15\/11 au 12\/12\/24<\/b><br class=\"gmail-html-br\" \/>Horaires : mercredi au vendredi : 14h30 \u00e0 17h30<br class=\"gmail-html-br\" \/>samedi : 10h \u00e0 11h30<br class=\"gmail-html-br\" \/>dimanche : 15h \u00e0 18h (en pr\u00e9sence de l&#8217;artiste)<\/div><div>\u00a0<\/div><div class=\"gmail-x11i5rnm gmail-xat24cr gmail-x1mh8g0r gmail-x1vvkbs gmail-xtlvy1s\"><span class=\"gmail-html-span gmail-xexx8yu gmail-x4uap5 gmail-x18d9i69 gmail-xkhd6sd gmail-x1hl2dhg gmail-x16tdsg8 gmail-x1vvkbs gmail-x3nfvp2 gmail-x1j61x8r gmail-x1fcty0u gmail-xdj266r gmail-xat24cr gmail-xgzva0m gmail-xhhsvwb gmail-xxymvpz gmail-xlup9mm gmail-x1kky2od\"><img loading=\"lazy\" decoding=\"async\" class=\"gmail-xz74otr\" src=\"https:\/\/static.xx.fbcdn.net\/images\/emoji.php\/v9\/tcc\/2\/16\/1f4cd.png\" alt=\"\ud83d\udccd\" width=\"16\" height=\"16\" \/><\/span>\u00a0<b>Espace Pignon &#8211; 11 rue Guillaume Tell, 59000 Lille<\/b><br class=\"gmail-html-br\" \/>M\u00e9tro Bois-Blancs<br class=\"gmail-html-br\" \/>contact@cabb-lille-fr &#8211; 03 20 86 25 71<\/div><\/div><div class=\"gmail-x11i5rnm gmail-xat24cr gmail-x1mh8g0r gmail-x1vvkbs gmail-xtlvy1s\">\u00a0<\/div><p>\u00a0<\/p><\/div><\/div>\n\t\t\t\t<\/div>\n\t\t\t\t<\/div>\n\t\t\t\t\t\t<\/div>\n\t\t\t<\/div>\n\t\t<\/div>\n\t\t\t\t\t\t<\/div>\n\t\t\t<\/div>\n\t\t<\/section>\n\t\t\t\t\t\t<\/div>\n\t\t\t<\/div>\n\t\t<\/div>\n\t\t","protected":false},"excerpt":{"rendered":"<p>Fran\u00e7ois Tilly est un artiste plasticien lillois dont la d\u00e9marche est ancr\u00e9e dans la sc\u00e9nographie. Form\u00e9 \u00e0 l&#8217;\u00c9cole Nationale Sup\u00e9rieure des Arts D\u00e9coratifs \u00e0 Paris, il a d&#8217;abord cr\u00e9\u00e9 des mises en sc\u00e8ne pour des spectacles. Puis il se consacre [&hellip;]<\/p>\n","protected":false},"author":1,"featured_media":4820,"comment_status":"closed","ping_status":"closed","sticky":false,"template":"","format":"standard","meta":{"_monsterinsights_skip_tracking":false,"_monsterinsights_sitenote_active":false,"_monsterinsights_sitenote_note":"","_monsterinsights_sitenote_category":0,"amp_status":"","footnotes":""},"categories":[7,1],"tags":[],"class_list":["post-4817","post","type-post","status-publish","format-standard","has-post-thumbnail","hentry","category-les-expositions","category-non-classe"],"_links":{"self":[{"href":"http:\/\/www.cabb-lille.fr\/index.php\/wp-json\/wp\/v2\/posts\/4817","targetHints":{"allow":["GET"]}}],"collection":[{"href":"http:\/\/www.cabb-lille.fr\/index.php\/wp-json\/wp\/v2\/posts"}],"about":[{"href":"http:\/\/www.cabb-lille.fr\/index.php\/wp-json\/wp\/v2\/types\/post"}],"author":[{"embeddable":true,"href":"http:\/\/www.cabb-lille.fr\/index.php\/wp-json\/wp\/v2\/users\/1"}],"replies":[{"embeddable":true,"href":"http:\/\/www.cabb-lille.fr\/index.php\/wp-json\/wp\/v2\/comments?post=4817"}],"version-history":[{"count":3,"href":"http:\/\/www.cabb-lille.fr\/index.php\/wp-json\/wp\/v2\/posts\/4817\/revisions"}],"predecessor-version":[{"id":4822,"href":"http:\/\/www.cabb-lille.fr\/index.php\/wp-json\/wp\/v2\/posts\/4817\/revisions\/4822"}],"wp:featuredmedia":[{"embeddable":true,"href":"http:\/\/www.cabb-lille.fr\/index.php\/wp-json\/wp\/v2\/media\/4820"}],"wp:attachment":[{"href":"http:\/\/www.cabb-lille.fr\/index.php\/wp-json\/wp\/v2\/media?parent=4817"}],"wp:term":[{"taxonomy":"category","embeddable":true,"href":"http:\/\/www.cabb-lille.fr\/index.php\/wp-json\/wp\/v2\/categories?post=4817"},{"taxonomy":"post_tag","embeddable":true,"href":"http:\/\/www.cabb-lille.fr\/index.php\/wp-json\/wp\/v2\/tags?post=4817"}],"curies":[{"name":"wp","href":"https:\/\/api.w.org\/{rel}","templated":true}]}}