{"id":4876,"date":"2024-11-21T15:23:48","date_gmt":"2024-11-21T14:23:48","guid":{"rendered":"http:\/\/www.cabb-lille.fr\/?p=4876"},"modified":"2024-11-21T15:40:48","modified_gmt":"2024-11-21T14:40:48","slug":"retour-en-images-sur-le-vernissage-de-lexposition-de-francois-tilly-zone-libre","status":"publish","type":"post","link":"http:\/\/www.cabb-lille.fr\/index.php\/2024\/11\/21\/retour-en-images-sur-le-vernissage-de-lexposition-de-francois-tilly-zone-libre\/","title":{"rendered":"Retour en images sur le vernissage de l&#8217;exposition de Fran\u00e7ois Tilly &#8220;ZONE LIBRE&#8221;"},"content":{"rendered":"\t\t<div data-elementor-type=\"wp-post\" data-elementor-id=\"4876\" class=\"elementor elementor-4876\" data-elementor-settings=\"[]\">\n\t\t\t<div class=\"elementor-inner\">\n\t\t\t\t<div class=\"elementor-section-wrap\">\n\t\t\t\t\t\t\t<section class=\"elementor-element elementor-element-655222a elementor-section-boxed elementor-section-height-default elementor-section-height-default elementor-section elementor-top-section\" data-id=\"655222a\" data-element_type=\"section\">\n\t\t\t\t\t\t<div class=\"elementor-container elementor-column-gap-default\">\n\t\t\t\t<div class=\"elementor-row\">\n\t\t\t\t<div class=\"elementor-element elementor-element-5499f6d elementor-column elementor-col-100 elementor-top-column\" data-id=\"5499f6d\" data-element_type=\"column\">\n\t\t\t<div class=\"elementor-column-wrap  elementor-element-populated\">\n\t\t\t\t\t<div class=\"elementor-widget-wrap\">\n\t\t\t\t<section class=\"elementor-element elementor-element-24de58e elementor-section-boxed elementor-section-height-default elementor-section-height-default elementor-section elementor-inner-section\" data-id=\"24de58e\" data-element_type=\"section\">\n\t\t\t\t\t\t<div class=\"elementor-container elementor-column-gap-default\">\n\t\t\t\t<div class=\"elementor-row\">\n\t\t\t\t<div class=\"elementor-element elementor-element-9ed9e2c elementor-column elementor-col-100 elementor-inner-column\" data-id=\"9ed9e2c\" data-element_type=\"column\">\n\t\t\t<div class=\"elementor-column-wrap  elementor-element-populated\">\n\t\t\t\t\t<div class=\"elementor-widget-wrap\">\n\t\t\t\t<div class=\"elementor-element elementor-element-9286754 elementor-widget elementor-widget-image-gallery\" data-id=\"9286754\" data-element_type=\"widget\" data-widget_type=\"image-gallery.default\">\n\t\t\t\t<div class=\"elementor-widget-container\">\n\t\t\t\t\t<div class=\"elementor-image-gallery\">\n\t\t\t<div id='gallery-1' class='gallery galleryid-4876 gallery-columns-4 gallery-size-thumbnail'><figure class='gallery-item'>\n\t\t\t<div class='gallery-icon landscape'>\n\t\t\t\t<a data-elementor-open-lightbox=\"default\" data-elementor-lightbox-slideshow=\"9286754\" href='http:\/\/www.cabb-lille.fr\/wp-content\/uploads\/2024\/11\/1732095971294.jpg'><img loading=\"lazy\" decoding=\"async\" width=\"150\" height=\"150\" src=\"http:\/\/www.cabb-lille.fr\/wp-content\/uploads\/2024\/11\/1732095971294-150x150.jpg\" class=\"attachment-thumbnail size-thumbnail\" alt=\"\" \/><\/a>\n\t\t\t<\/div><\/figure><figure class='gallery-item'>\n\t\t\t<div class='gallery-icon landscape'>\n\t\t\t\t<a data-elementor-open-lightbox=\"default\" data-elementor-lightbox-slideshow=\"9286754\" href='http:\/\/www.cabb-lille.fr\/wp-content\/uploads\/2024\/11\/1732095905748.jpg'><img loading=\"lazy\" decoding=\"async\" width=\"150\" height=\"150\" src=\"http:\/\/www.cabb-lille.fr\/wp-content\/uploads\/2024\/11\/1732095905748-150x150.jpg\" class=\"attachment-thumbnail size-thumbnail\" alt=\"\" \/><\/a>\n\t\t\t<\/div><\/figure><figure class='gallery-item'>\n\t\t\t<div class='gallery-icon landscape'>\n\t\t\t\t<a data-elementor-open-lightbox=\"default\" data-elementor-lightbox-slideshow=\"9286754\" href='http:\/\/www.cabb-lille.fr\/wp-content\/uploads\/2024\/11\/1732095905761.jpg'><img loading=\"lazy\" decoding=\"async\" width=\"150\" height=\"150\" src=\"http:\/\/www.cabb-lille.fr\/wp-content\/uploads\/2024\/11\/1732095905761-150x150.jpg\" class=\"attachment-thumbnail size-thumbnail\" alt=\"\" \/><\/a>\n\t\t\t<\/div><\/figure><figure class='gallery-item'>\n\t\t\t<div class='gallery-icon landscape'>\n\t\t\t\t<a data-elementor-open-lightbox=\"default\" data-elementor-lightbox-slideshow=\"9286754\" href='http:\/\/www.cabb-lille.fr\/wp-content\/uploads\/2024\/11\/1732096380984.jpg'><img loading=\"lazy\" decoding=\"async\" width=\"150\" height=\"150\" src=\"http:\/\/www.cabb-lille.fr\/wp-content\/uploads\/2024\/11\/1732096380984-150x150.jpg\" class=\"attachment-thumbnail size-thumbnail\" alt=\"\" \/><\/a>\n\t\t\t<\/div><\/figure><figure class='gallery-item'>\n\t\t\t<div class='gallery-icon landscape'>\n\t\t\t\t<a data-elementor-open-lightbox=\"default\" data-elementor-lightbox-slideshow=\"9286754\" href='http:\/\/www.cabb-lille.fr\/wp-content\/uploads\/2024\/11\/1732096102637.jpg'><img loading=\"lazy\" decoding=\"async\" width=\"150\" height=\"150\" src=\"http:\/\/www.cabb-lille.fr\/wp-content\/uploads\/2024\/11\/1732096102637-150x150.jpg\" class=\"attachment-thumbnail size-thumbnail\" alt=\"\" \/><\/a>\n\t\t\t<\/div><\/figure><figure class='gallery-item'>\n\t\t\t<div class='gallery-icon landscape'>\n\t\t\t\t<a data-elementor-open-lightbox=\"default\" data-elementor-lightbox-slideshow=\"9286754\" href='http:\/\/www.cabb-lille.fr\/wp-content\/uploads\/2024\/11\/1732096160084.jpg'><img loading=\"lazy\" decoding=\"async\" width=\"150\" height=\"150\" src=\"http:\/\/www.cabb-lille.fr\/wp-content\/uploads\/2024\/11\/1732096160084-150x150.jpg\" class=\"attachment-thumbnail size-thumbnail\" alt=\"\" \/><\/a>\n\t\t\t<\/div><\/figure><figure class='gallery-item'>\n\t\t\t<div class='gallery-icon landscape'>\n\t\t\t\t<a data-elementor-open-lightbox=\"default\" data-elementor-lightbox-slideshow=\"9286754\" href='http:\/\/www.cabb-lille.fr\/wp-content\/uploads\/2024\/11\/1732096380969.jpg'><img loading=\"lazy\" decoding=\"async\" width=\"150\" height=\"150\" src=\"http:\/\/www.cabb-lille.fr\/wp-content\/uploads\/2024\/11\/1732096380969-150x150.jpg\" class=\"attachment-thumbnail size-thumbnail\" alt=\"\" \/><\/a>\n\t\t\t<\/div><\/figure><figure class='gallery-item'>\n\t\t\t<div class='gallery-icon landscape'>\n\t\t\t\t<a data-elementor-open-lightbox=\"default\" data-elementor-lightbox-slideshow=\"9286754\" href='http:\/\/www.cabb-lille.fr\/wp-content\/uploads\/2024\/11\/1732095813353.jpg'><img loading=\"lazy\" decoding=\"async\" width=\"150\" height=\"150\" src=\"http:\/\/www.cabb-lille.fr\/wp-content\/uploads\/2024\/11\/1732095813353-150x150.jpg\" class=\"attachment-thumbnail size-thumbnail\" alt=\"\" \/><\/a>\n\t\t\t<\/div><\/figure><figure class='gallery-item'>\n\t\t\t<div class='gallery-icon landscape'>\n\t\t\t\t<a data-elementor-open-lightbox=\"default\" data-elementor-lightbox-slideshow=\"9286754\" href='http:\/\/www.cabb-lille.fr\/wp-content\/uploads\/2024\/11\/1732096529769.jpg'><img loading=\"lazy\" decoding=\"async\" width=\"150\" height=\"150\" src=\"http:\/\/www.cabb-lille.fr\/wp-content\/uploads\/2024\/11\/1732096529769-150x150.jpg\" class=\"attachment-thumbnail size-thumbnail\" alt=\"\" \/><\/a>\n\t\t\t<\/div><\/figure><figure class='gallery-item'>\n\t\t\t<div class='gallery-icon portrait'>\n\t\t\t\t<a data-elementor-open-lightbox=\"default\" data-elementor-lightbox-slideshow=\"9286754\" href='http:\/\/www.cabb-lille.fr\/wp-content\/uploads\/2024\/11\/IMG_20241115_185205.jpg'><img loading=\"lazy\" decoding=\"async\" width=\"150\" height=\"150\" src=\"http:\/\/www.cabb-lille.fr\/wp-content\/uploads\/2024\/11\/IMG_20241115_185205-150x150.jpg\" class=\"attachment-thumbnail size-thumbnail\" alt=\"\" \/><\/a>\n\t\t\t<\/div><\/figure><figure class='gallery-item'>\n\t\t\t<div class='gallery-icon portrait'>\n\t\t\t\t<a data-elementor-open-lightbox=\"default\" data-elementor-lightbox-slideshow=\"9286754\" href='http:\/\/www.cabb-lille.fr\/wp-content\/uploads\/2024\/11\/IMG_20241115_185141.jpg'><img loading=\"lazy\" decoding=\"async\" width=\"150\" height=\"150\" src=\"http:\/\/www.cabb-lille.fr\/wp-content\/uploads\/2024\/11\/IMG_20241115_185141-150x150.jpg\" class=\"attachment-thumbnail size-thumbnail\" alt=\"\" \/><\/a>\n\t\t\t<\/div><\/figure><figure class='gallery-item'>\n\t\t\t<div class='gallery-icon landscape'>\n\t\t\t\t<a data-elementor-open-lightbox=\"default\" data-elementor-lightbox-slideshow=\"9286754\" href='http:\/\/www.cabb-lille.fr\/wp-content\/uploads\/2024\/11\/1732095813370.jpg'><img loading=\"lazy\" decoding=\"async\" width=\"150\" height=\"150\" src=\"http:\/\/www.cabb-lille.fr\/wp-content\/uploads\/2024\/11\/1732095813370-150x150.jpg\" class=\"attachment-thumbnail size-thumbnail\" alt=\"\" \/><\/a>\n\t\t\t<\/div><\/figure><figure class='gallery-item'>\n\t\t\t<div class='gallery-icon landscape'>\n\t\t\t\t<a data-elementor-open-lightbox=\"default\" data-elementor-lightbox-slideshow=\"9286754\" href='http:\/\/www.cabb-lille.fr\/wp-content\/uploads\/2024\/11\/1732095813366.jpg'><img loading=\"lazy\" decoding=\"async\" width=\"150\" height=\"150\" src=\"http:\/\/www.cabb-lille.fr\/wp-content\/uploads\/2024\/11\/1732095813366-150x150.jpg\" class=\"attachment-thumbnail size-thumbnail\" alt=\"\" \/><\/a>\n\t\t\t<\/div><\/figure><figure class='gallery-item'>\n\t\t\t<div class='gallery-icon landscape'>\n\t\t\t\t<a data-elementor-open-lightbox=\"default\" data-elementor-lightbox-slideshow=\"9286754\" href='http:\/\/www.cabb-lille.fr\/wp-content\/uploads\/2024\/11\/1732096529782.jpg'><img loading=\"lazy\" decoding=\"async\" width=\"150\" height=\"150\" src=\"http:\/\/www.cabb-lille.fr\/wp-content\/uploads\/2024\/11\/1732096529782-150x150.jpg\" class=\"attachment-thumbnail size-thumbnail\" alt=\"\" \/><\/a>\n\t\t\t<\/div><\/figure><figure class='gallery-item'>\n\t\t\t<div class='gallery-icon portrait'>\n\t\t\t\t<a data-elementor-open-lightbox=\"default\" data-elementor-lightbox-slideshow=\"9286754\" href='http:\/\/www.cabb-lille.fr\/wp-content\/uploads\/2024\/11\/IMG_20241115_185002.jpg'><img loading=\"lazy\" decoding=\"async\" width=\"150\" height=\"150\" src=\"http:\/\/www.cabb-lille.fr\/wp-content\/uploads\/2024\/11\/IMG_20241115_185002-150x150.jpg\" class=\"attachment-thumbnail size-thumbnail\" alt=\"\" \/><\/a>\n\t\t\t<\/div><\/figure><figure class='gallery-item'>\n\t\t\t<div class='gallery-icon portrait'>\n\t\t\t\t<a data-elementor-open-lightbox=\"default\" data-elementor-lightbox-slideshow=\"9286754\" href='http:\/\/www.cabb-lille.fr\/wp-content\/uploads\/2024\/11\/IMG_20241115_185220.jpg'><img loading=\"lazy\" decoding=\"async\" width=\"150\" height=\"150\" src=\"http:\/\/www.cabb-lille.fr\/wp-content\/uploads\/2024\/11\/IMG_20241115_185220-150x150.jpg\" class=\"attachment-thumbnail size-thumbnail\" alt=\"\" \/><\/a>\n\t\t\t<\/div><\/figure>\n\t\t<\/div>\n\t\t<\/div>\n\t\t\t\t<\/div>\n\t\t\t\t<\/div>\n\t\t\t\t\t\t<\/div>\n\t\t\t<\/div>\n\t\t<\/div>\n\t\t\t\t\t\t<\/div>\n\t\t\t<\/div>\n\t\t<\/section>\n\t\t\t\t\t\t<\/div>\n\t\t\t<\/div>\n\t\t<\/div>\n\t\t\t\t\t\t<\/div>\n\t\t\t<\/div>\n\t\t<\/section>\n\t\t\t\t<section class=\"elementor-element elementor-element-9061c05 elementor-section-boxed elementor-section-height-default elementor-section-height-default elementor-section elementor-top-section\" data-id=\"9061c05\" data-element_type=\"section\">\n\t\t\t\t\t\t<div class=\"elementor-container elementor-column-gap-default\">\n\t\t\t\t<div class=\"elementor-row\">\n\t\t\t\t<div class=\"elementor-element elementor-element-4d89251 elementor-column elementor-col-100 elementor-top-column\" data-id=\"4d89251\" data-element_type=\"column\">\n\t\t\t<div class=\"elementor-column-wrap  elementor-element-populated\">\n\t\t\t\t\t<div class=\"elementor-widget-wrap\">\n\t\t\t\t<div class=\"elementor-element elementor-element-5163c51 elementor-widget elementor-widget-text-editor\" data-id=\"5163c51\" data-element_type=\"widget\" data-widget_type=\"text-editor.default\">\n\t\t\t\t<div class=\"elementor-widget-container\">\n\t\t\t\t\t<div class=\"elementor-text-editor elementor-clearfix\"><p>Un grand merci \u00e0 toutes celles et ceux qui sont venus remplir la &#8220;Zone Libre&#8221; de Fran\u00e7ois Tilly ce vendredi 15 novembre ! On est ravis d&#8217;accueillir son univers \u00e0 l&#8217;Espace Pignon, que vous pouvez admirer jusqu&#8217;au 12 d\u00e9cembre.<\/p><p>Une soir\u00e9e lumineuse, accompagn\u00e9e d\u2019une sc\u00e9nographie sign\u00e9e Carla Foris : &#8220;IMPROMPTUS&#8221; de la Compagnie du 8 Renvers\u00e9. Une performance danse-musique interpr\u00e9t\u00e9e par les talentueux artistes Katarzyna Wolf, danseuse et \u00c9ric Navet, musicien.<\/p><\/div>\n\t\t\t\t<\/div>\n\t\t\t\t<\/div>\n\t\t\t\t\t\t<\/div>\n\t\t\t<\/div>\n\t\t<\/div>\n\t\t\t\t\t\t<\/div>\n\t\t\t<\/div>\n\t\t<\/section>\n\t\t\t\t<section class=\"elementor-element elementor-element-8d1760d elementor-section-boxed elementor-section-height-default elementor-section-height-default elementor-section elementor-top-section\" data-id=\"8d1760d\" data-element_type=\"section\">\n\t\t\t\t\t\t<div class=\"elementor-container elementor-column-gap-default\">\n\t\t\t\t<div class=\"elementor-row\">\n\t\t\t\t<div class=\"elementor-element elementor-element-3732323 elementor-column elementor-col-50 elementor-top-column\" data-id=\"3732323\" data-element_type=\"column\">\n\t\t\t<div class=\"elementor-column-wrap  elementor-element-populated\">\n\t\t\t\t\t<div class=\"elementor-widget-wrap\">\n\t\t\t\t<div class=\"elementor-element elementor-element-214cbaf elementor-widget elementor-widget-image\" data-id=\"214cbaf\" data-element_type=\"widget\" data-widget_type=\"image.default\">\n\t\t\t\t<div class=\"elementor-widget-container\">\n\t\t\t\t\t<div class=\"elementor-image\">\n\t\t\t\t\t\t\t\t\t\t<img loading=\"lazy\" decoding=\"async\" width=\"538\" height=\"774\" src=\"http:\/\/www.cabb-lille.fr\/wp-content\/uploads\/2024\/11\/flyer_edouard.jpg\" class=\"attachment-large size-large\" alt=\"\" srcset=\"http:\/\/www.cabb-lille.fr\/wp-content\/uploads\/2024\/11\/flyer_edouard.jpg 538w, http:\/\/www.cabb-lille.fr\/wp-content\/uploads\/2024\/11\/flyer_edouard-209x300.jpg 209w\" sizes=\"auto, (max-width: 538px) 100vw, 538px\" \/>\t\t\t\t\t\t\t\t\t\t\t<\/div>\n\t\t\t\t<\/div>\n\t\t\t\t<\/div>\n\t\t\t\t\t\t<\/div>\n\t\t\t<\/div>\n\t\t<\/div>\n\t\t\t\t<div class=\"elementor-element elementor-element-d342ea1 elementor-column elementor-col-50 elementor-top-column\" data-id=\"d342ea1\" data-element_type=\"column\">\n\t\t\t<div class=\"elementor-column-wrap  elementor-element-populated\">\n\t\t\t\t\t<div class=\"elementor-widget-wrap\">\n\t\t\t\t<div class=\"elementor-element elementor-element-faad409 elementor-widget elementor-widget-image\" data-id=\"faad409\" data-element_type=\"widget\" data-widget_type=\"image.default\">\n\t\t\t\t<div class=\"elementor-widget-container\">\n\t\t\t\t\t<div class=\"elementor-image\">\n\t\t\t\t\t\t\t\t\t\t<img loading=\"lazy\" decoding=\"async\" width=\"542\" height=\"769\" src=\"http:\/\/www.cabb-lille.fr\/wp-content\/uploads\/2024\/11\/flyer_edourd.jpg\" class=\"attachment-large size-large\" alt=\"\" srcset=\"http:\/\/www.cabb-lille.fr\/wp-content\/uploads\/2024\/11\/flyer_edourd.jpg 542w, http:\/\/www.cabb-lille.fr\/wp-content\/uploads\/2024\/11\/flyer_edourd-211x300.jpg 211w\" sizes=\"auto, (max-width: 542px) 100vw, 542px\" \/>\t\t\t\t\t\t\t\t\t\t\t<\/div>\n\t\t\t\t<\/div>\n\t\t\t\t<\/div>\n\t\t\t\t\t\t<\/div>\n\t\t\t<\/div>\n\t\t<\/div>\n\t\t\t\t\t\t<\/div>\n\t\t\t<\/div>\n\t\t<\/section>\n\t\t\t\t\t\t<\/div>\n\t\t\t<\/div>\n\t\t<\/div>\n\t\t","protected":false},"excerpt":{"rendered":"<p>Un grand merci \u00e0 toutes celles et ceux qui sont venus remplir la &#8220;Zone Libre&#8221; de Fran\u00e7ois Tilly ce vendredi 15 novembre ! On est ravis d&#8217;accueillir son univers \u00e0 l&#8217;Espace Pignon, que vous pouvez admirer jusqu&#8217;au 12 d\u00e9cembre. Une [&hellip;]<\/p>\n","protected":false},"author":1,"featured_media":4906,"comment_status":"closed","ping_status":"closed","sticky":false,"template":"","format":"standard","meta":{"_monsterinsights_skip_tracking":false,"_monsterinsights_sitenote_active":false,"_monsterinsights_sitenote_note":"","_monsterinsights_sitenote_category":0,"amp_status":"enabled","footnotes":""},"categories":[7,1],"tags":[],"class_list":["post-4876","post","type-post","status-publish","format-standard","has-post-thumbnail","hentry","category-les-expositions","category-non-classe"],"_links":{"self":[{"href":"http:\/\/www.cabb-lille.fr\/index.php\/wp-json\/wp\/v2\/posts\/4876","targetHints":{"allow":["GET"]}}],"collection":[{"href":"http:\/\/www.cabb-lille.fr\/index.php\/wp-json\/wp\/v2\/posts"}],"about":[{"href":"http:\/\/www.cabb-lille.fr\/index.php\/wp-json\/wp\/v2\/types\/post"}],"author":[{"embeddable":true,"href":"http:\/\/www.cabb-lille.fr\/index.php\/wp-json\/wp\/v2\/users\/1"}],"replies":[{"embeddable":true,"href":"http:\/\/www.cabb-lille.fr\/index.php\/wp-json\/wp\/v2\/comments?post=4876"}],"version-history":[{"count":8,"href":"http:\/\/www.cabb-lille.fr\/index.php\/wp-json\/wp\/v2\/posts\/4876\/revisions"}],"predecessor-version":[{"id":4920,"href":"http:\/\/www.cabb-lille.fr\/index.php\/wp-json\/wp\/v2\/posts\/4876\/revisions\/4920"}],"wp:featuredmedia":[{"embeddable":true,"href":"http:\/\/www.cabb-lille.fr\/index.php\/wp-json\/wp\/v2\/media\/4906"}],"wp:attachment":[{"href":"http:\/\/www.cabb-lille.fr\/index.php\/wp-json\/wp\/v2\/media?parent=4876"}],"wp:term":[{"taxonomy":"category","embeddable":true,"href":"http:\/\/www.cabb-lille.fr\/index.php\/wp-json\/wp\/v2\/categories?post=4876"},{"taxonomy":"post_tag","embeddable":true,"href":"http:\/\/www.cabb-lille.fr\/index.php\/wp-json\/wp\/v2\/tags?post=4876"}],"curies":[{"name":"wp","href":"https:\/\/api.w.org\/{rel}","templated":true}]}}