{"id":584,"date":"2019-01-02T10:55:51","date_gmt":"2019-01-02T09:55:51","guid":{"rendered":"http:\/\/www.cabb-lille.fr\/?p=584"},"modified":"2019-01-16T11:03:15","modified_gmt":"2019-01-16T10:03:15","slug":"bonne-annee-2019","status":"publish","type":"post","link":"http:\/\/www.cabb-lille.fr\/index.php\/2019\/01\/02\/bonne-annee-2019\/","title":{"rendered":"Bonne ann\u00e9e 2019!"},"content":{"rendered":"<p><span class=\"_5mfr\"><span class=\"_6qdm\">\ud83c\udf89<\/span><\/span>Toute l&#8217;\u00e9quipe du CABB vous souhaite une tr\u00e8s belle ann\u00e9e, remplie de joie, d&#8217;amour, de sant\u00e9&#8230;.et de culture !\u00a0\u00a0<span class=\"_5mfr\"><span class=\"_6qdm\">\ud83c\udf89<\/span><\/span><\/p>\n<p>Cette ann\u00e9e encore nous sommes heureux de vous compter parmi nos adh\u00e9rents et vous promettons de tr\u00e8s bons moments en perspective: Expositions, sorties, f\u00eates de quartier, braderie&#8230;<\/p>\n<p>A tr\u00e8s vite !\u00a0<span class=\"_5mfr\"><span class=\"_6qdm\">\ud83d\ude42<\/span><\/span><\/p>\n","protected":false},"excerpt":{"rendered":"<p>\ud83c\udf89Toute l&#8217;\u00e9quipe du CABB vous souhaite une tr\u00e8s belle ann\u00e9e, remplie de joie, d&#8217;amour, de sant\u00e9&#8230;.et de culture !\u00a0\u00a0\ud83c\udf89 Cette ann\u00e9e encore nous sommes heureux de vous compter parmi nos adh\u00e9rents et vous promettons de tr\u00e8s bons moments en perspective: [&hellip;]<\/p>\n","protected":false},"author":1,"featured_media":585,"comment_status":"open","ping_status":"open","sticky":false,"template":"","format":"standard","meta":{"_monsterinsights_skip_tracking":false,"_monsterinsights_sitenote_active":false,"_monsterinsights_sitenote_note":"","_monsterinsights_sitenote_category":0,"amp_status":"","footnotes":""},"categories":[1],"tags":[],"class_list":["post-584","post","type-post","status-publish","format-standard","has-post-thumbnail","hentry","category-non-classe"],"_links":{"self":[{"href":"http:\/\/www.cabb-lille.fr\/index.php\/wp-json\/wp\/v2\/posts\/584","targetHints":{"allow":["GET"]}}],"collection":[{"href":"http:\/\/www.cabb-lille.fr\/index.php\/wp-json\/wp\/v2\/posts"}],"about":[{"href":"http:\/\/www.cabb-lille.fr\/index.php\/wp-json\/wp\/v2\/types\/post"}],"author":[{"embeddable":true,"href":"http:\/\/www.cabb-lille.fr\/index.php\/wp-json\/wp\/v2\/users\/1"}],"replies":[{"embeddable":true,"href":"http:\/\/www.cabb-lille.fr\/index.php\/wp-json\/wp\/v2\/comments?post=584"}],"version-history":[{"count":5,"href":"http:\/\/www.cabb-lille.fr\/index.php\/wp-json\/wp\/v2\/posts\/584\/revisions"}],"predecessor-version":[{"id":611,"href":"http:\/\/www.cabb-lille.fr\/index.php\/wp-json\/wp\/v2\/posts\/584\/revisions\/611"}],"wp:featuredmedia":[{"embeddable":true,"href":"http:\/\/www.cabb-lille.fr\/index.php\/wp-json\/wp\/v2\/media\/585"}],"wp:attachment":[{"href":"http:\/\/www.cabb-lille.fr\/index.php\/wp-json\/wp\/v2\/media?parent=584"}],"wp:term":[{"taxonomy":"category","embeddable":true,"href":"http:\/\/www.cabb-lille.fr\/index.php\/wp-json\/wp\/v2\/categories?post=584"},{"taxonomy":"post_tag","embeddable":true,"href":"http:\/\/www.cabb-lille.fr\/index.php\/wp-json\/wp\/v2\/tags?post=584"}],"curies":[{"name":"wp","href":"https:\/\/api.w.org\/{rel}","templated":true}]}}