{"id":639,"date":"2019-01-28T09:44:42","date_gmt":"2019-01-28T08:44:42","guid":{"rendered":"http:\/\/www.cabb-lille.fr\/?p=639"},"modified":"2019-02-05T11:48:51","modified_gmt":"2019-02-05T10:48:51","slug":"matiere-brut-alain-lauras","status":"publish","type":"post","link":"http:\/\/www.cabb-lille.fr\/index.php\/2019\/01\/28\/matiere-brut-alain-lauras\/","title":{"rendered":"MATI\u00c8RE BRUT \/ Alain Lauras"},"content":{"rendered":"<p><strong>Exposition MATI\u00c8RE BRUT \/ Alain Lauras<\/strong><\/p>\n<p style=\"text-align: center;\">Du 31 janvier au 3 mars \u00e0 l&#8217;Espace Edouard Pignon,<br \/>\n11, rue Guillaume Tell \/ Lille \/ M\u00e9tro Bois Blancs<br \/>\nVernissage le jeudi 31 janvier \u00e0 19h<\/p>\n<p>Apr\u00e8s avoir travaill\u00e9 en studio photographique, c\u2019est \u00e0 la fin des ann\u00e9es 90 que l\u2019artiste d\u00e9couvre le travail de la forge et se met \u00e0 transformer le m\u00e9tal en sculptures forg\u00e9es.<\/p>\n<p>Une fois l\u2019acier mont\u00e9 \u00e0 1100 degr\u00e8s, Alain Lauras forme au marteau ses oeuvres et les \u00e9tampe \u00e0 l\u2019aide de burins. Pour sa premi\u00e8re s\u00e9rie de maquettes \u00ab les usines \u00bb, il trouve l\u2019inspiration dans les photographies de friches industrielles.<\/p>\n<p>En constante \u00e9volution, ses recherches intuitives sur les formes conduisent l\u2019artiste \u00e0 s\u2019int\u00e9resser \u00e9galement aux architectes du mouvement moderne, \u00e0 l\u2019instar de Robert Mallet Stevens, Le Corbusier ou encore l\u2019\u00e9cole du Bauhaus.<\/p>\n<p>Mati\u00e8re Brut vous propose une immersion dans l\u2019univers des sculptures d\u2019architectures, entre r\u00e9alite et fiction.<\/p>\n<p style=\"text-align: center;\">http:\/\/a.lauras.free.fr\/<\/p>\n<p style=\"text-align: center;\">Espace Edouard Pignon : 11, rue Guillaume Tell \/ Lille<br \/>\nEntr\u00e9e libre \/ mercredi au vendredi de 14h30 \u00e0 17h30<br \/>\nSamedi : 10h \u00e0 11h30<br \/>\nDimanche : 15h \u00e0 18h (en pr\u00e9sence de l&#8217;artiste)<\/p>\n<p style=\"text-align: center;\">Contact : 03 20 86 25 71 \/ www.facebook.com\/espace.edouardpignon<\/p>\n","protected":false},"excerpt":{"rendered":"<p>Exposition MATI\u00c8RE BRUT \/ Alain Lauras Du 31 janvier au 3 mars \u00e0 l&#8217;Espace Edouard Pignon, 11, rue Guillaume Tell \/ Lille \/ M\u00e9tro Bois Blancs Vernissage le jeudi 31 janvier \u00e0 19h Apr\u00e8s avoir travaill\u00e9 en studio photographique, c\u2019est [&hellip;]<\/p>\n","protected":false},"author":1,"featured_media":640,"comment_status":"open","ping_status":"open","sticky":false,"template":"","format":"standard","meta":{"_monsterinsights_skip_tracking":false,"_monsterinsights_sitenote_active":false,"_monsterinsights_sitenote_note":"","_monsterinsights_sitenote_category":0,"amp_status":"","footnotes":""},"categories":[7],"tags":[],"class_list":["post-639","post","type-post","status-publish","format-standard","has-post-thumbnail","hentry","category-les-expositions"],"_links":{"self":[{"href":"http:\/\/www.cabb-lille.fr\/index.php\/wp-json\/wp\/v2\/posts\/639","targetHints":{"allow":["GET"]}}],"collection":[{"href":"http:\/\/www.cabb-lille.fr\/index.php\/wp-json\/wp\/v2\/posts"}],"about":[{"href":"http:\/\/www.cabb-lille.fr\/index.php\/wp-json\/wp\/v2\/types\/post"}],"author":[{"embeddable":true,"href":"http:\/\/www.cabb-lille.fr\/index.php\/wp-json\/wp\/v2\/users\/1"}],"replies":[{"embeddable":true,"href":"http:\/\/www.cabb-lille.fr\/index.php\/wp-json\/wp\/v2\/comments?post=639"}],"version-history":[{"count":5,"href":"http:\/\/www.cabb-lille.fr\/index.php\/wp-json\/wp\/v2\/posts\/639\/revisions"}],"predecessor-version":[{"id":645,"href":"http:\/\/www.cabb-lille.fr\/index.php\/wp-json\/wp\/v2\/posts\/639\/revisions\/645"}],"wp:featuredmedia":[{"embeddable":true,"href":"http:\/\/www.cabb-lille.fr\/index.php\/wp-json\/wp\/v2\/media\/640"}],"wp:attachment":[{"href":"http:\/\/www.cabb-lille.fr\/index.php\/wp-json\/wp\/v2\/media?parent=639"}],"wp:term":[{"taxonomy":"category","embeddable":true,"href":"http:\/\/www.cabb-lille.fr\/index.php\/wp-json\/wp\/v2\/categories?post=639"},{"taxonomy":"post_tag","embeddable":true,"href":"http:\/\/www.cabb-lille.fr\/index.php\/wp-json\/wp\/v2\/tags?post=639"}],"curies":[{"name":"wp","href":"https:\/\/api.w.org\/{rel}","templated":true}]}}