{"id":668,"date":"2019-01-24T15:56:22","date_gmt":"2019-01-24T14:56:22","guid":{"rendered":"http:\/\/www.cabb-lille.fr\/?p=668"},"modified":"2019-01-24T15:57:55","modified_gmt":"2019-01-24T14:57:55","slug":"retour-en-images-sur-le-temps-fort-de-remi-dif","status":"publish","type":"post","link":"http:\/\/www.cabb-lille.fr\/index.php\/2019\/01\/24\/retour-en-images-sur-le-temps-fort-de-remi-dif\/","title":{"rendered":"\u270d\ufe0f Retour en images sur le temps fort de l&#8217;artiste R\u00e9mi Dif ! \u270d\ufe0f"},"content":{"rendered":"<p>Ce mercredi, l&#8217;\u00e9quipe des 4-6 ans en atelier a pu d\u00e9couvrir et s&#8217;amuser sur le style artistique de R\u00e9mi Dif, l&#8217;artiste qui expose \u00e0 l&#8217;\u00a0<a class=\"profileLink\" href=\"https:\/\/www.facebook.com\/pages\/Espace-Pignon-Lille-Bois-Blancs\/132636470218474?__tn__=K-R-R&amp;eid=ARCRhopWKSXtFNIuobtt6LErNRuRQUtDmvdmZr1z4xFcPygloEZK4fAcCvJUwKI_Sj4P0w0Mx_HoZyYu&amp;fref=mentions&amp;__xts__%5B0%5D=68.ARAEZJcZo_6ZeV4nKvrJfLeKEgV4bc2L5Z7if_qQTT88I2bSlLUlzfMay2xFCSG6utNDHPTidCifyinUVJTcp3MMtbgIfnoY0UAzLoDFq7M_32w7h_t0DOyazX4QqaGeT4VBM4qeUVU6SnyMpzmPlf7VcyNzHG4iOSox1ug0H_ZaeZLxxf0NWBqbrrs\" data-hovercard=\"\/ajax\/hovercard\/page.php?id=132636470218474&amp;extragetparams=%7B%22__tn__%22%3A%22%2CdK-R-R-R%22%2C%22eid%22%3A%22ARCRhopWKSXtFNIuobtt6LErNRuRQUtDmvdmZr1z4xFcPygloEZK4fAcCvJUwKI_Sj4P0w0Mx_HoZyYu%22%2C%22fref%22%3A%22mentions%22%7D\" data-hovercard-prefer-more-content-show=\"1\">Espace Pignon Lille Bois Blancs<\/a>\u00a0jusque ce dimanche 27 janvier !<\/p>\n<p><span class=\"_5mfr\"><span class=\"_6qdm\">\ud83d\udc49<\/span><\/span>\u00a0Derni\u00e8re chance pour venir d\u00e9couvrir ses oeuvres:<\/p>\n<p><span class=\"text_exposed_show\">&gt; Du mercredi au vendredi: 14h30-17h30<br \/>\n&gt; Samedi: 10h-11h30<br \/>\n&gt; Dimanche: 15h-18h (en pr\u00e9sence de l&#8217;artiste)<\/span><\/p>\n<p>&nbsp;<\/p>\n<p><img loading=\"lazy\" decoding=\"async\" class=\"alignnone size-medium wp-image-669\" src=\"http:\/\/www.cabb-lille.fr\/wp-content\/uploads\/2019\/01\/50481837_630730920693010_6655606653322264576_n-168x300.jpg\" alt=\"\" width=\"168\" height=\"300\" srcset=\"http:\/\/www.cabb-lille.fr\/wp-content\/uploads\/2019\/01\/50481837_630730920693010_6655606653322264576_n-168x300.jpg 168w, http:\/\/www.cabb-lille.fr\/wp-content\/uploads\/2019\/01\/50481837_630730920693010_6655606653322264576_n-768x1374.jpg 768w, http:\/\/www.cabb-lille.fr\/wp-content\/uploads\/2019\/01\/50481837_630730920693010_6655606653322264576_n-572x1024.jpg 572w, http:\/\/www.cabb-lille.fr\/wp-content\/uploads\/2019\/01\/50481837_630730920693010_6655606653322264576_n-720x1288.jpg 720w, http:\/\/www.cabb-lille.fr\/wp-content\/uploads\/2019\/01\/50481837_630730920693010_6655606653322264576_n.jpg 1824w\" sizes=\"auto, (max-width: 168px) 100vw, 168px\" \/> <img loading=\"lazy\" decoding=\"async\" class=\"alignnone size-medium wp-image-671\" src=\"http:\/\/www.cabb-lille.fr\/wp-content\/uploads\/2019\/01\/50623515_2132150450181025_2269534343535788032_n-300x169.jpg\" alt=\"\" width=\"300\" height=\"169\" srcset=\"http:\/\/www.cabb-lille.fr\/wp-content\/uploads\/2019\/01\/50623515_2132150450181025_2269534343535788032_n-300x169.jpg 300w, http:\/\/www.cabb-lille.fr\/wp-content\/uploads\/2019\/01\/50623515_2132150450181025_2269534343535788032_n-768x432.jpg 768w, http:\/\/www.cabb-lille.fr\/wp-content\/uploads\/2019\/01\/50623515_2132150450181025_2269534343535788032_n-1024x576.jpg 1024w, http:\/\/www.cabb-lille.fr\/wp-content\/uploads\/2019\/01\/50623515_2132150450181025_2269534343535788032_n-720x405.jpg 720w\" sizes=\"auto, (max-width: 300px) 100vw, 300px\" \/><\/p>\n<p><img loading=\"lazy\" decoding=\"async\" class=\"alignnone size-medium wp-image-672\" src=\"http:\/\/www.cabb-lille.fr\/wp-content\/uploads\/2019\/01\/50661266_494965747574761_6787098765011451904_n-300x169.jpg\" alt=\"\" width=\"300\" height=\"169\" srcset=\"http:\/\/www.cabb-lille.fr\/wp-content\/uploads\/2019\/01\/50661266_494965747574761_6787098765011451904_n-300x169.jpg 300w, http:\/\/www.cabb-lille.fr\/wp-content\/uploads\/2019\/01\/50661266_494965747574761_6787098765011451904_n-768x432.jpg 768w, http:\/\/www.cabb-lille.fr\/wp-content\/uploads\/2019\/01\/50661266_494965747574761_6787098765011451904_n-1024x576.jpg 1024w, http:\/\/www.cabb-lille.fr\/wp-content\/uploads\/2019\/01\/50661266_494965747574761_6787098765011451904_n-720x405.jpg 720w\" sizes=\"auto, (max-width: 300px) 100vw, 300px\" \/> <img loading=\"lazy\" decoding=\"async\" class=\"alignnone size-medium wp-image-673\" src=\"http:\/\/www.cabb-lille.fr\/wp-content\/uploads\/2019\/01\/50975174_345275909409110_2219499580855156736_n-168x300.jpg\" alt=\"\" width=\"168\" height=\"300\" srcset=\"http:\/\/www.cabb-lille.fr\/wp-content\/uploads\/2019\/01\/50975174_345275909409110_2219499580855156736_n-168x300.jpg 168w, http:\/\/www.cabb-lille.fr\/wp-content\/uploads\/2019\/01\/50975174_345275909409110_2219499580855156736_n-768x1374.jpg 768w, http:\/\/www.cabb-lille.fr\/wp-content\/uploads\/2019\/01\/50975174_345275909409110_2219499580855156736_n-572x1024.jpg 572w, http:\/\/www.cabb-lille.fr\/wp-content\/uploads\/2019\/01\/50975174_345275909409110_2219499580855156736_n-720x1288.jpg 720w, http:\/\/www.cabb-lille.fr\/wp-content\/uploads\/2019\/01\/50975174_345275909409110_2219499580855156736_n.jpg 1824w\" sizes=\"auto, (max-width: 168px) 100vw, 168px\" \/><\/p>\n<p><img loading=\"lazy\" decoding=\"async\" class=\"alignnone size-medium wp-image-674\" src=\"http:\/\/www.cabb-lille.fr\/wp-content\/uploads\/2019\/01\/51094010_2280259492252196_7823094904585715712_n-168x300.jpg\" alt=\"\" width=\"168\" height=\"300\" srcset=\"http:\/\/www.cabb-lille.fr\/wp-content\/uploads\/2019\/01\/51094010_2280259492252196_7823094904585715712_n-168x300.jpg 168w, http:\/\/www.cabb-lille.fr\/wp-content\/uploads\/2019\/01\/51094010_2280259492252196_7823094904585715712_n-768x1374.jpg 768w, http:\/\/www.cabb-lille.fr\/wp-content\/uploads\/2019\/01\/51094010_2280259492252196_7823094904585715712_n-572x1024.jpg 572w, http:\/\/www.cabb-lille.fr\/wp-content\/uploads\/2019\/01\/51094010_2280259492252196_7823094904585715712_n-720x1288.jpg 720w, http:\/\/www.cabb-lille.fr\/wp-content\/uploads\/2019\/01\/51094010_2280259492252196_7823094904585715712_n.jpg 1824w\" sizes=\"auto, (max-width: 168px) 100vw, 168px\" \/> <img loading=\"lazy\" decoding=\"async\" class=\"alignnone size-medium wp-image-675\" src=\"http:\/\/www.cabb-lille.fr\/wp-content\/uploads\/2019\/01\/51221335_2172410416408091_1950526652647735296_n-300x169.jpg\" alt=\"\" width=\"300\" height=\"169\" srcset=\"http:\/\/www.cabb-lille.fr\/wp-content\/uploads\/2019\/01\/51221335_2172410416408091_1950526652647735296_n-300x169.jpg 300w, http:\/\/www.cabb-lille.fr\/wp-content\/uploads\/2019\/01\/51221335_2172410416408091_1950526652647735296_n-768x432.jpg 768w, http:\/\/www.cabb-lille.fr\/wp-content\/uploads\/2019\/01\/51221335_2172410416408091_1950526652647735296_n-1024x576.jpg 1024w, http:\/\/www.cabb-lille.fr\/wp-content\/uploads\/2019\/01\/51221335_2172410416408091_1950526652647735296_n-720x405.jpg 720w\" sizes=\"auto, (max-width: 300px) 100vw, 300px\" \/><\/p>\n<p>&nbsp;<\/p>\n","protected":false},"excerpt":{"rendered":"<p>Ce mercredi, l&#8217;\u00e9quipe des 4-6 ans en atelier a pu d\u00e9couvrir et s&#8217;amuser sur le style artistique de R\u00e9mi Dif, l&#8217;artiste qui expose \u00e0 l&#8217;\u00a0Espace Pignon Lille Bois Blancs\u00a0jusque ce dimanche 27 janvier ! \ud83d\udc49\u00a0Derni\u00e8re chance pour venir d\u00e9couvrir ses [&hellip;]<\/p>\n","protected":false},"author":1,"featured_media":672,"comment_status":"open","ping_status":"open","sticky":false,"template":"","format":"standard","meta":{"_monsterinsights_skip_tracking":false,"_monsterinsights_sitenote_active":false,"_monsterinsights_sitenote_note":"","_monsterinsights_sitenote_category":0,"amp_status":"","footnotes":""},"categories":[9],"tags":[],"class_list":["post-668","post","type-post","status-publish","format-standard","has-post-thumbnail","hentry","category-les-ateliers"],"_links":{"self":[{"href":"http:\/\/www.cabb-lille.fr\/index.php\/wp-json\/wp\/v2\/posts\/668","targetHints":{"allow":["GET"]}}],"collection":[{"href":"http:\/\/www.cabb-lille.fr\/index.php\/wp-json\/wp\/v2\/posts"}],"about":[{"href":"http:\/\/www.cabb-lille.fr\/index.php\/wp-json\/wp\/v2\/types\/post"}],"author":[{"embeddable":true,"href":"http:\/\/www.cabb-lille.fr\/index.php\/wp-json\/wp\/v2\/users\/1"}],"replies":[{"embeddable":true,"href":"http:\/\/www.cabb-lille.fr\/index.php\/wp-json\/wp\/v2\/comments?post=668"}],"version-history":[{"count":5,"href":"http:\/\/www.cabb-lille.fr\/index.php\/wp-json\/wp\/v2\/posts\/668\/revisions"}],"predecessor-version":[{"id":680,"href":"http:\/\/www.cabb-lille.fr\/index.php\/wp-json\/wp\/v2\/posts\/668\/revisions\/680"}],"wp:featuredmedia":[{"embeddable":true,"href":"http:\/\/www.cabb-lille.fr\/index.php\/wp-json\/wp\/v2\/media\/672"}],"wp:attachment":[{"href":"http:\/\/www.cabb-lille.fr\/index.php\/wp-json\/wp\/v2\/media?parent=668"}],"wp:term":[{"taxonomy":"category","embeddable":true,"href":"http:\/\/www.cabb-lille.fr\/index.php\/wp-json\/wp\/v2\/categories?post=668"},{"taxonomy":"post_tag","embeddable":true,"href":"http:\/\/www.cabb-lille.fr\/index.php\/wp-json\/wp\/v2\/tags?post=668"}],"curies":[{"name":"wp","href":"https:\/\/api.w.org\/{rel}","templated":true}]}}