{"id":683,"date":"2019-01-26T14:29:32","date_gmt":"2019-01-26T13:29:32","guid":{"rendered":"http:\/\/www.cabb-lille.fr\/?p=683"},"modified":"2019-02-05T14:32:40","modified_gmt":"2019-02-05T13:32:40","slug":"stage-darts-plastiques-cest-complet","status":"publish","type":"post","link":"http:\/\/www.cabb-lille.fr\/index.php\/2019\/01\/26\/stage-darts-plastiques-cest-complet\/","title":{"rendered":"Stage d&#8217;Arts Plastiques &#8211; c&#8217;est complet ! \ud83d\udc69\u200d\ud83c\udfa8"},"content":{"rendered":"<p>L&#8217;atelier de confection d&#8217;alebrijes (sculptures en papier m\u00e2ch\u00e9) qui se d\u00e9roulera pendant les vacances, du mardi 19 au vendredi 22 f\u00e9vrier, est d\u00e9j\u00e0 complet!<\/p>\n<p>On vous remercie du vif int\u00e9r\u00eat que vous y avez port\u00e9\u00a0\ud83d\ude42<\/p>\n","protected":false},"excerpt":{"rendered":"<p>L&#8217;atelier de confection d&#8217;alebrijes (sculptures en papier m\u00e2ch\u00e9) qui se d\u00e9roulera pendant les vacances, du mardi 19 au vendredi 22 f\u00e9vrier, est d\u00e9j\u00e0 complet! On vous remercie du vif int\u00e9r\u00eat que vous y avez port\u00e9\u00a0\ud83d\ude42<\/p>\n","protected":false},"author":1,"featured_media":684,"comment_status":"open","ping_status":"open","sticky":false,"template":"","format":"standard","meta":{"_monsterinsights_skip_tracking":false,"_monsterinsights_sitenote_active":false,"_monsterinsights_sitenote_note":"","_monsterinsights_sitenote_category":0,"amp_status":"","footnotes":""},"categories":[1],"tags":[],"class_list":["post-683","post","type-post","status-publish","format-standard","has-post-thumbnail","hentry","category-non-classe"],"_links":{"self":[{"href":"http:\/\/www.cabb-lille.fr\/index.php\/wp-json\/wp\/v2\/posts\/683","targetHints":{"allow":["GET"]}}],"collection":[{"href":"http:\/\/www.cabb-lille.fr\/index.php\/wp-json\/wp\/v2\/posts"}],"about":[{"href":"http:\/\/www.cabb-lille.fr\/index.php\/wp-json\/wp\/v2\/types\/post"}],"author":[{"embeddable":true,"href":"http:\/\/www.cabb-lille.fr\/index.php\/wp-json\/wp\/v2\/users\/1"}],"replies":[{"embeddable":true,"href":"http:\/\/www.cabb-lille.fr\/index.php\/wp-json\/wp\/v2\/comments?post=683"}],"version-history":[{"count":4,"href":"http:\/\/www.cabb-lille.fr\/index.php\/wp-json\/wp\/v2\/posts\/683\/revisions"}],"predecessor-version":[{"id":688,"href":"http:\/\/www.cabb-lille.fr\/index.php\/wp-json\/wp\/v2\/posts\/683\/revisions\/688"}],"wp:featuredmedia":[{"embeddable":true,"href":"http:\/\/www.cabb-lille.fr\/index.php\/wp-json\/wp\/v2\/media\/684"}],"wp:attachment":[{"href":"http:\/\/www.cabb-lille.fr\/index.php\/wp-json\/wp\/v2\/media?parent=683"}],"wp:term":[{"taxonomy":"category","embeddable":true,"href":"http:\/\/www.cabb-lille.fr\/index.php\/wp-json\/wp\/v2\/categories?post=683"},{"taxonomy":"post_tag","embeddable":true,"href":"http:\/\/www.cabb-lille.fr\/index.php\/wp-json\/wp\/v2\/tags?post=683"}],"curies":[{"name":"wp","href":"https:\/\/api.w.org\/{rel}","templated":true}]}}