{"id":690,"date":"2019-02-08T09:30:16","date_gmt":"2019-02-08T08:30:16","guid":{"rendered":"http:\/\/www.cabb-lille.fr\/?p=690"},"modified":"2019-02-08T09:31:25","modified_gmt":"2019-02-08T08:31:25","slug":"visite-contee-mardi-12-fevrier-17h","status":"publish","type":"post","link":"http:\/\/www.cabb-lille.fr\/index.php\/2019\/02\/08\/visite-contee-mardi-12-fevrier-17h\/","title":{"rendered":"\ud83d\udde3 Visite cont\u00e9e- Mardi 12 f\u00e9vrier-17h \ud83d\udde3"},"content":{"rendered":"<div class=\"b_x4xwdmged o_x4xwdj2m4 clearfix\">\n<div class=\"clearfix a_x4xwdmepq\">\n<div class=\"clearfix _42ef\">\n<div class=\"k_x4xwdmepx\">\n<div>\n<div class=\"_6a _5u5j\">\n<div class=\"_6a _5u5j _6b\"><\/div>\n<\/div>\n<\/div>\n<\/div>\n<\/div>\n<\/div>\n<\/div>\n<div id=\"js_eu\" class=\"_5pbx userContent _3576\" data-ft=\"{&quot;tn&quot;:&quot;K&quot;}\">\n<div id=\"id_5c5d3c8b7f3149260727083\" class=\"text_exposed_root text_exposed\">\n<p>Venez d\u00e9couvrir mardi prochain l&#8217;exposition &#8220;Mati\u00e8re Brut&#8221; \u00e0 travers les contes que vous a concoct\u00e9s notre cher Fran\u00e7ois.<\/p>\n<p>&nbsp;<\/p>\n<p>Nous vous attendons, petits et grands, pour une embarcation dans l&#8217;univers des sculptures forg\u00e9es d&#8217;Alain Lauras !\u00a0<span class=\"_5mfr\"><span class=\"_6qdm\">\ud83d\ude42<\/span><\/span><\/p>\n<p>&nbsp;<\/p>\n<div class=\"text_exposed_show\">\n<p><span class=\"_5mfr\"><span class=\"_6qdm\">\u26a0\ufe0f<\/span><\/span>\u00a0Ne perdez pas ce rendez-vous, cette visite cont\u00e9e sera la seule ouverte au public !<\/p>\n<\/div>\n<\/div>\n<\/div>\n","protected":false},"excerpt":{"rendered":"<p>Venez d\u00e9couvrir mardi prochain l&#8217;exposition &#8220;Mati\u00e8re Brut&#8221; \u00e0 travers les contes que vous a concoct\u00e9s notre cher Fran\u00e7ois. &nbsp; Nous vous attendons, petits et grands, pour une embarcation dans l&#8217;univers des sculptures forg\u00e9es d&#8217;Alain Lauras !\u00a0\ud83d\ude42 &nbsp; \u26a0\ufe0f\u00a0Ne perdez pas [&hellip;]<\/p>\n","protected":false},"author":1,"featured_media":691,"comment_status":"open","ping_status":"open","sticky":false,"template":"","format":"standard","meta":{"_monsterinsights_skip_tracking":false,"_monsterinsights_sitenote_active":false,"_monsterinsights_sitenote_note":"","_monsterinsights_sitenote_category":0,"amp_status":"","footnotes":""},"categories":[1],"tags":[],"class_list":["post-690","post","type-post","status-publish","format-standard","has-post-thumbnail","hentry","category-non-classe"],"_links":{"self":[{"href":"http:\/\/www.cabb-lille.fr\/index.php\/wp-json\/wp\/v2\/posts\/690","targetHints":{"allow":["GET"]}}],"collection":[{"href":"http:\/\/www.cabb-lille.fr\/index.php\/wp-json\/wp\/v2\/posts"}],"about":[{"href":"http:\/\/www.cabb-lille.fr\/index.php\/wp-json\/wp\/v2\/types\/post"}],"author":[{"embeddable":true,"href":"http:\/\/www.cabb-lille.fr\/index.php\/wp-json\/wp\/v2\/users\/1"}],"replies":[{"embeddable":true,"href":"http:\/\/www.cabb-lille.fr\/index.php\/wp-json\/wp\/v2\/comments?post=690"}],"version-history":[{"count":3,"href":"http:\/\/www.cabb-lille.fr\/index.php\/wp-json\/wp\/v2\/posts\/690\/revisions"}],"predecessor-version":[{"id":694,"href":"http:\/\/www.cabb-lille.fr\/index.php\/wp-json\/wp\/v2\/posts\/690\/revisions\/694"}],"wp:featuredmedia":[{"embeddable":true,"href":"http:\/\/www.cabb-lille.fr\/index.php\/wp-json\/wp\/v2\/media\/691"}],"wp:attachment":[{"href":"http:\/\/www.cabb-lille.fr\/index.php\/wp-json\/wp\/v2\/media?parent=690"}],"wp:term":[{"taxonomy":"category","embeddable":true,"href":"http:\/\/www.cabb-lille.fr\/index.php\/wp-json\/wp\/v2\/categories?post=690"},{"taxonomy":"post_tag","embeddable":true,"href":"http:\/\/www.cabb-lille.fr\/index.php\/wp-json\/wp\/v2\/tags?post=690"}],"curies":[{"name":"wp","href":"https:\/\/api.w.org\/{rel}","templated":true}]}}