{"id":695,"date":"2019-02-06T10:14:27","date_gmt":"2019-02-06T09:14:27","guid":{"rendered":"http:\/\/www.cabb-lille.fr\/?p=695"},"modified":"2019-02-08T10:32:08","modified_gmt":"2019-02-08T09:32:08","slug":"retour-en-images-sur-le-vernissage-de-matiere-brut","status":"publish","type":"post","link":"http:\/\/www.cabb-lille.fr\/index.php\/2019\/02\/06\/retour-en-images-sur-le-vernissage-de-matiere-brut\/","title":{"rendered":"\u2699\ufe0f Retour en images sur le vernissage de MATI\u00c8RE BRUT \u2699\ufe0f"},"content":{"rendered":"<div class=\"m_2123290407778207677gmail-\"><\/div>\n<div class=\"m_2123290407778207677gmail-\">\n<div class=\"m_2123290407778207677gmail-_1mf m_2123290407778207677gmail-_1mj\">Jeudi dernier s&#8217;est d\u00e9roul\u00e9 l&#8217;inauguration de l&#8217;exposition d&#8217;Alain Lauras. Vous \u00e9tiez nombreux \u00e0 avoir brav\u00e9 le froid pour venir d\u00e9couvrir les sculptures aux couleurs chaleureuses de cet artiste ! Pour (re)d\u00e9couvrir ses oeuvres forg\u00e9es jusqu&#8217;au 03\/03 , voici les horaires :<\/div>\n<div><\/div>\n<\/div>\n<div>\u00a0<span class=\"m_2123290407778207677gmail-_3gl1 m_2123290407778207677gmail-_5zz4\"><span class=\"m_2123290407778207677gmail-_ncl\">\u27a1\ufe0f<\/span><\/span>\u00a0Mercredi&gt;Vendredi : 14h30-17h30<\/div>\n<div>\u00a0<span class=\"m_2123290407778207677gmail-_3gl1 m_2123290407778207677gmail-_5zz4\"><span class=\"m_2123290407778207677gmail-_ncl\">\u27a1\ufe0f<\/span><\/span>\u00a0Samedi : 10h-11h30<\/div>\n<div>\u00a0<span class=\"m_2123290407778207677gmail-_3gl1 m_2123290407778207677gmail-_5zz4\"><span class=\"m_2123290407778207677gmail-_ncl\">\u27a1\ufe0f<\/span><\/span>\u00a0Dimanche : 15h-18h (en pr\u00e9sence de l&#8217;artiste!)<\/div>\n<div><\/div>\n<div class=\"m_2123290407778207677gmail-\">\n<div class=\"m_2123290407778207677gmail-_1mf m_2123290407778207677gmail-_1mj\"><img loading=\"lazy\" decoding=\"async\" class=\"alignnone size-medium wp-image-698\" src=\"http:\/\/www.cabb-lille.fr\/wp-content\/uploads\/2019\/02\/51221297_2051126241649537_977921537417936896_n-1-285x300.jpg\" alt=\"\" width=\"285\" height=\"300\" srcset=\"http:\/\/www.cabb-lille.fr\/wp-content\/uploads\/2019\/02\/51221297_2051126241649537_977921537417936896_n-1-285x300.jpg 285w, http:\/\/www.cabb-lille.fr\/wp-content\/uploads\/2019\/02\/51221297_2051126241649537_977921537417936896_n-1-768x810.jpg 768w, http:\/\/www.cabb-lille.fr\/wp-content\/uploads\/2019\/02\/51221297_2051126241649537_977921537417936896_n-1-971x1024.jpg 971w, http:\/\/www.cabb-lille.fr\/wp-content\/uploads\/2019\/02\/51221297_2051126241649537_977921537417936896_n-1-720x759.jpg 720w\" sizes=\"auto, (max-width: 285px) 100vw, 285px\" \/> <img loading=\"lazy\" decoding=\"async\" class=\"alignnone size-medium wp-image-699\" src=\"http:\/\/www.cabb-lille.fr\/wp-content\/uploads\/2019\/02\/A.LAURAS-1-3-225x300.jpg\" alt=\"\" width=\"225\" height=\"300\" srcset=\"http:\/\/www.cabb-lille.fr\/wp-content\/uploads\/2019\/02\/A.LAURAS-1-3-225x300.jpg 225w, http:\/\/www.cabb-lille.fr\/wp-content\/uploads\/2019\/02\/A.LAURAS-1-3-768x1024.jpg 768w, http:\/\/www.cabb-lille.fr\/wp-content\/uploads\/2019\/02\/A.LAURAS-1-3-720x960.jpg 720w\" sizes=\"auto, (max-width: 225px) 100vw, 225px\" \/>\u00a0\u00a0<img loading=\"lazy\" decoding=\"async\" class=\"alignnone size-medium wp-image-701\" src=\"http:\/\/www.cabb-lille.fr\/wp-content\/uploads\/2019\/02\/A.LAURAS-2r\u00e9duites-300x230.jpg\" alt=\"\" width=\"300\" height=\"230\" srcset=\"http:\/\/www.cabb-lille.fr\/wp-content\/uploads\/2019\/02\/A.LAURAS-2r\u00e9duites-300x230.jpg 300w, http:\/\/www.cabb-lille.fr\/wp-content\/uploads\/2019\/02\/A.LAURAS-2r\u00e9duites-768x588.jpg 768w, http:\/\/www.cabb-lille.fr\/wp-content\/uploads\/2019\/02\/A.LAURAS-2r\u00e9duites-1024x784.jpg 1024w, http:\/\/www.cabb-lille.fr\/wp-content\/uploads\/2019\/02\/A.LAURAS-2r\u00e9duites-720x551.jpg 720w\" sizes=\"auto, (max-width: 300px) 100vw, 300px\" \/><\/div>\n<div><\/div>\n<\/div>\n<div><\/div>\n<div>Voici un avant-go\u00fbt de ce que l&#8217;exposition vous r\u00e9serve, d&#8217;autres merveilles vous y attendent\u00a0\u00a0\ud83d\ude09<\/div>\n","protected":false},"excerpt":{"rendered":"<p>Jeudi dernier s&#8217;est d\u00e9roul\u00e9 l&#8217;inauguration de l&#8217;exposition d&#8217;Alain Lauras. Vous \u00e9tiez nombreux \u00e0 avoir brav\u00e9 le froid pour venir d\u00e9couvrir les sculptures aux couleurs chaleureuses de cet artiste ! Pour (re)d\u00e9couvrir ses oeuvres forg\u00e9es jusqu&#8217;au 03\/03 , voici les horaires [&hellip;]<\/p>\n","protected":false},"author":1,"featured_media":700,"comment_status":"open","ping_status":"open","sticky":false,"template":"","format":"standard","meta":{"_monsterinsights_skip_tracking":false,"_monsterinsights_sitenote_active":false,"_monsterinsights_sitenote_note":"","_monsterinsights_sitenote_category":0,"amp_status":"","footnotes":""},"categories":[1],"tags":[],"class_list":["post-695","post","type-post","status-publish","format-standard","has-post-thumbnail","hentry","category-non-classe"],"_links":{"self":[{"href":"http:\/\/www.cabb-lille.fr\/index.php\/wp-json\/wp\/v2\/posts\/695","targetHints":{"allow":["GET"]}}],"collection":[{"href":"http:\/\/www.cabb-lille.fr\/index.php\/wp-json\/wp\/v2\/posts"}],"about":[{"href":"http:\/\/www.cabb-lille.fr\/index.php\/wp-json\/wp\/v2\/types\/post"}],"author":[{"embeddable":true,"href":"http:\/\/www.cabb-lille.fr\/index.php\/wp-json\/wp\/v2\/users\/1"}],"replies":[{"embeddable":true,"href":"http:\/\/www.cabb-lille.fr\/index.php\/wp-json\/wp\/v2\/comments?post=695"}],"version-history":[{"count":8,"href":"http:\/\/www.cabb-lille.fr\/index.php\/wp-json\/wp\/v2\/posts\/695\/revisions"}],"predecessor-version":[{"id":707,"href":"http:\/\/www.cabb-lille.fr\/index.php\/wp-json\/wp\/v2\/posts\/695\/revisions\/707"}],"wp:featuredmedia":[{"embeddable":true,"href":"http:\/\/www.cabb-lille.fr\/index.php\/wp-json\/wp\/v2\/media\/700"}],"wp:attachment":[{"href":"http:\/\/www.cabb-lille.fr\/index.php\/wp-json\/wp\/v2\/media?parent=695"}],"wp:term":[{"taxonomy":"category","embeddable":true,"href":"http:\/\/www.cabb-lille.fr\/index.php\/wp-json\/wp\/v2\/categories?post=695"},{"taxonomy":"post_tag","embeddable":true,"href":"http:\/\/www.cabb-lille.fr\/index.php\/wp-json\/wp\/v2\/tags?post=695"}],"curies":[{"name":"wp","href":"https:\/\/api.w.org\/{rel}","templated":true}]}}