{"id":709,"date":"2019-02-21T11:35:02","date_gmt":"2019-02-21T10:35:02","guid":{"rendered":"http:\/\/www.cabb-lille.fr\/?p=709"},"modified":"2019-02-21T11:37:18","modified_gmt":"2019-02-21T10:37:18","slug":"vernissage-resonnances-vendredi-8-mars","status":"publish","type":"post","link":"http:\/\/www.cabb-lille.fr\/index.php\/2019\/02\/21\/vernissage-resonnances-vendredi-8-mars\/","title":{"rendered":"\ud83c\udfa8 Vernissage &#8220;R\u00e9sonnances&#8221;  &#8211; VENDREDI 8 MARS &#8211; 19H \ud83c\udfa8"},"content":{"rendered":"<p>Annette Leroy-Derieppe et Elizabeth Leroy partagent l\u2019une et l\u2019autre le sens de l\u2019exp\u00e9rimentation, du d\u00e9tournement et de l&#8217;illusion de la mati\u00e8re, au travers de diff\u00e9rents m\u00e9diums. Les sculptures de papier d&#8217;Annette Leroy-Derieppe d\u00e9gagent une vibration presque min\u00e9rale. Les superpositions photographiques et picturales d&#8217;Elizabeth Leroy offrent une profondeur myst\u00e9rieuse et poussent a s&#8217;interroger sur la nature m\u00eame de ces images.<\/p>\n<p>Leurs \u0153uvres se font \u00e9cho, et le temps d\u2019une exposition en duo m\u00e8re\/fille, Elizabeth et Annette souhaitent vous faire d\u00e9couvrir leur univers artistique et leurs processus de cr\u00e9ation. Venez accueillir leurs \u0153uvres \u00e0 l&#8217;Espace Pignon vendredi 8 mars \u00e0 19h\u00a0\ud83d\ude09<\/p>\n<p><strong>EXPOSITION VISIBLE DU 08\/03 AU 14\/04\u00a0<\/strong><\/p>\n","protected":false},"excerpt":{"rendered":"<p>Annette Leroy-Derieppe et Elizabeth Leroy partagent l\u2019une et l\u2019autre le sens de l\u2019exp\u00e9rimentation, du d\u00e9tournement et de l&#8217;illusion de la mati\u00e8re, au travers de diff\u00e9rents m\u00e9diums. Les sculptures de papier d&#8217;Annette Leroy-Derieppe d\u00e9gagent une vibration presque min\u00e9rale. Les superpositions photographiques [&hellip;]<\/p>\n","protected":false},"author":1,"featured_media":710,"comment_status":"open","ping_status":"open","sticky":false,"template":"","format":"standard","meta":{"_monsterinsights_skip_tracking":false,"_monsterinsights_sitenote_active":false,"_monsterinsights_sitenote_note":"","_monsterinsights_sitenote_category":0,"amp_status":"","footnotes":""},"categories":[7],"tags":[],"class_list":["post-709","post","type-post","status-publish","format-standard","has-post-thumbnail","hentry","category-les-expositions"],"_links":{"self":[{"href":"http:\/\/www.cabb-lille.fr\/index.php\/wp-json\/wp\/v2\/posts\/709","targetHints":{"allow":["GET"]}}],"collection":[{"href":"http:\/\/www.cabb-lille.fr\/index.php\/wp-json\/wp\/v2\/posts"}],"about":[{"href":"http:\/\/www.cabb-lille.fr\/index.php\/wp-json\/wp\/v2\/types\/post"}],"author":[{"embeddable":true,"href":"http:\/\/www.cabb-lille.fr\/index.php\/wp-json\/wp\/v2\/users\/1"}],"replies":[{"embeddable":true,"href":"http:\/\/www.cabb-lille.fr\/index.php\/wp-json\/wp\/v2\/comments?post=709"}],"version-history":[{"count":3,"href":"http:\/\/www.cabb-lille.fr\/index.php\/wp-json\/wp\/v2\/posts\/709\/revisions"}],"predecessor-version":[{"id":713,"href":"http:\/\/www.cabb-lille.fr\/index.php\/wp-json\/wp\/v2\/posts\/709\/revisions\/713"}],"wp:featuredmedia":[{"embeddable":true,"href":"http:\/\/www.cabb-lille.fr\/index.php\/wp-json\/wp\/v2\/media\/710"}],"wp:attachment":[{"href":"http:\/\/www.cabb-lille.fr\/index.php\/wp-json\/wp\/v2\/media?parent=709"}],"wp:term":[{"taxonomy":"category","embeddable":true,"href":"http:\/\/www.cabb-lille.fr\/index.php\/wp-json\/wp\/v2\/categories?post=709"},{"taxonomy":"post_tag","embeddable":true,"href":"http:\/\/www.cabb-lille.fr\/index.php\/wp-json\/wp\/v2\/tags?post=709"}],"curies":[{"name":"wp","href":"https:\/\/api.w.org\/{rel}","templated":true}]}}