{"id":714,"date":"2019-02-28T15:41:29","date_gmt":"2019-02-28T14:41:29","guid":{"rendered":"http:\/\/www.cabb-lille.fr\/?p=714"},"modified":"2019-02-28T16:36:00","modified_gmt":"2019-02-28T15:36:00","slug":"l-urgence-de-ralentir","status":"publish","type":"post","link":"http:\/\/www.cabb-lille.fr\/index.php\/2019\/02\/28\/l-urgence-de-ralentir\/","title":{"rendered":"Cin\u00e9-d\u00e9bat &#8220;L&#8217;urgence de ralentir&#8221; -Dimanche 17 mars \u00e0 16h \ud83c\udf0d"},"content":{"rendered":"<p>&#8220;<em>Nous sommes entr\u00e9s dans l\u2019\u00e8re de l\u2019acc\u00e9l\u00e9ration globalis\u00e9e. Vitesse et imm\u00e9diatet\u00e9 sont devenues la norme de la soci\u00e9t\u00e9. Faisant na\u00eetre un monde o\u00f9 l\u2019humain perd ses rep\u00e8res et s\u2019\u00e9puise. Nous avan\u00e7ons comme des somnambules vers une catastrophe \u00e9cologique, \u00e9conomique et sociale, pourtant annonc\u00e9e. Certains d\u2019entre nous ont d\u00e9cid\u00e9 de s\u2019opposer \u2013 individuellement ou collectivement \u2013 \u00e0 l\u2019acc\u00e9l\u00e9ration de la marche du monde, en basculant dans la lenteur, pour r\u00e9occuper le temps, afin de \u00ab bien vivre \u00bb. En dehors du mod\u00e8le dominant \u2013 \u00e0 la marge et hors champ m\u00e9diatique \u2013 ils contribuent peut-\u00eatre d\u00e9j\u00e0 au nouveau monde de demain\u2026<\/em>&#8221;<\/p>\n<p>L&#8217;\u00e9quipe cin\u00e9-doc du CABB organise le dimanche 17 mars \u00e0 16h \u00e0 l&#8217;auditorium d&#8217;Euratechnologies (165, Avenue de Bretagne) la projection du documentaire &#8220;<strong>L&#8217;urgence de ralentir<\/strong>&#8220;, qui sera suivie d&#8217;un d\u00e9bat en pr\u00e9sence de son r\u00e9alisateur M. Philippe Borrel.<\/p>\n<p>Entr\u00e9e : 2 \u20ac<\/p>\n<p>Production : Arte \/ France \/ 2015 \/ 88 mn<\/p>\n","protected":false},"excerpt":{"rendered":"<p>&#8220;Nous sommes entr\u00e9s dans l\u2019\u00e8re de l\u2019acc\u00e9l\u00e9ration globalis\u00e9e. Vitesse et imm\u00e9diatet\u00e9 sont devenues la norme de la soci\u00e9t\u00e9. Faisant na\u00eetre un monde o\u00f9 l\u2019humain perd ses rep\u00e8res et s\u2019\u00e9puise. Nous avan\u00e7ons comme des somnambules vers une catastrophe \u00e9cologique, \u00e9conomique et [&hellip;]<\/p>\n","protected":false},"author":1,"featured_media":715,"comment_status":"open","ping_status":"open","sticky":false,"template":"","format":"standard","meta":{"_monsterinsights_skip_tracking":false,"_monsterinsights_sitenote_active":false,"_monsterinsights_sitenote_note":"","_monsterinsights_sitenote_category":0,"amp_status":"","footnotes":""},"categories":[1],"tags":[],"class_list":["post-714","post","type-post","status-publish","format-standard","has-post-thumbnail","hentry","category-non-classe"],"_links":{"self":[{"href":"http:\/\/www.cabb-lille.fr\/index.php\/wp-json\/wp\/v2\/posts\/714","targetHints":{"allow":["GET"]}}],"collection":[{"href":"http:\/\/www.cabb-lille.fr\/index.php\/wp-json\/wp\/v2\/posts"}],"about":[{"href":"http:\/\/www.cabb-lille.fr\/index.php\/wp-json\/wp\/v2\/types\/post"}],"author":[{"embeddable":true,"href":"http:\/\/www.cabb-lille.fr\/index.php\/wp-json\/wp\/v2\/users\/1"}],"replies":[{"embeddable":true,"href":"http:\/\/www.cabb-lille.fr\/index.php\/wp-json\/wp\/v2\/comments?post=714"}],"version-history":[{"count":5,"href":"http:\/\/www.cabb-lille.fr\/index.php\/wp-json\/wp\/v2\/posts\/714\/revisions"}],"predecessor-version":[{"id":731,"href":"http:\/\/www.cabb-lille.fr\/index.php\/wp-json\/wp\/v2\/posts\/714\/revisions\/731"}],"wp:featuredmedia":[{"embeddable":true,"href":"http:\/\/www.cabb-lille.fr\/index.php\/wp-json\/wp\/v2\/media\/715"}],"wp:attachment":[{"href":"http:\/\/www.cabb-lille.fr\/index.php\/wp-json\/wp\/v2\/media?parent=714"}],"wp:term":[{"taxonomy":"category","embeddable":true,"href":"http:\/\/www.cabb-lille.fr\/index.php\/wp-json\/wp\/v2\/categories?post=714"},{"taxonomy":"post_tag","embeddable":true,"href":"http:\/\/www.cabb-lille.fr\/index.php\/wp-json\/wp\/v2\/tags?post=714"}],"curies":[{"name":"wp","href":"https:\/\/api.w.org\/{rel}","templated":true}]}}