{"id":766,"date":"2019-03-11T15:25:36","date_gmt":"2019-03-11T14:25:36","guid":{"rendered":"http:\/\/www.cabb-lille.fr\/?p=766"},"modified":"2019-03-14T15:26:23","modified_gmt":"2019-03-14T14:26:23","slug":"retour-en-images-sur-le-stage-darts-plastiques","status":"publish","type":"post","link":"http:\/\/www.cabb-lille.fr\/index.php\/2019\/03\/11\/retour-en-images-sur-le-stage-darts-plastiques\/","title":{"rendered":"\ud83d\udc68\u200d\ud83c\udfa8Retour en images sur le stage d&#8217;arts plastiques 2019 \ud83d\udc69\u200d\ud83c\udfa8"},"content":{"rendered":"<p>En pleine pr\u00e9paration du carnaval, un petit retour en images sur les alebrijes cr\u00e9\u00e9s pour l&#8217;occasion s&#8217;impose !<\/p>\n<p>Lors du stage d&#8217;arts plastiques du 19 au 22 f\u00e9vrier dernier, 8 enfants du quartier ont fabriqu\u00e9 leur propre alebrije, la fameuse structure de papier m\u00e2ch\u00e9 populaire au Mexique.<\/p>\n<div class=\"text_exposed_show\">\n<p>Escargot \u00e0 queue de sir\u00e8ne, poisson \u00e0 antennes, dinosaure \u00e0 cr\u00eate&#8230;que d&#8217;animaux fantastiques qui d\u00e9fileront le samedi 30 mars!<\/p>\n<\/div>\n<p><img loading=\"lazy\" decoding=\"async\" class=\"alignnone size-medium wp-image-764\" src=\"http:\/\/www.cabb-lille.fr\/wp-content\/uploads\/2019\/03\/IMG_20190221_161911-copie-131x300.jpg\" alt=\"\" width=\"131\" height=\"300\" srcset=\"http:\/\/www.cabb-lille.fr\/wp-content\/uploads\/2019\/03\/IMG_20190221_161911-copie-131x300.jpg 131w, http:\/\/www.cabb-lille.fr\/wp-content\/uploads\/2019\/03\/IMG_20190221_161911-copie-768x1756.jpg 768w, http:\/\/www.cabb-lille.fr\/wp-content\/uploads\/2019\/03\/IMG_20190221_161911-copie-448x1024.jpg 448w, http:\/\/www.cabb-lille.fr\/wp-content\/uploads\/2019\/03\/IMG_20190221_161911-copie-720x1646.jpg 720w, http:\/\/www.cabb-lille.fr\/wp-content\/uploads\/2019\/03\/IMG_20190221_161911-copie.jpg 1696w\" sizes=\"auto, (max-width: 131px) 100vw, 131px\" \/> <img loading=\"lazy\" decoding=\"async\" class=\"alignnone size-medium wp-image-763\" src=\"http:\/\/www.cabb-lille.fr\/wp-content\/uploads\/2019\/03\/IMG_20190221_161731-225x300.jpg\" alt=\"\" width=\"225\" height=\"300\" srcset=\"http:\/\/www.cabb-lille.fr\/wp-content\/uploads\/2019\/03\/IMG_20190221_161731-225x300.jpg 225w, http:\/\/www.cabb-lille.fr\/wp-content\/uploads\/2019\/03\/IMG_20190221_161731-768x1024.jpg 768w, http:\/\/www.cabb-lille.fr\/wp-content\/uploads\/2019\/03\/IMG_20190221_161731-720x960.jpg 720w\" sizes=\"auto, (max-width: 225px) 100vw, 225px\" \/> <img loading=\"lazy\" decoding=\"async\" class=\"alignnone size-medium wp-image-762\" src=\"http:\/\/www.cabb-lille.fr\/wp-content\/uploads\/2019\/03\/IMG_20190221_161606-copie-225x300.jpg\" alt=\"\" width=\"225\" height=\"300\" srcset=\"http:\/\/www.cabb-lille.fr\/wp-content\/uploads\/2019\/03\/IMG_20190221_161606-copie-225x300.jpg 225w, http:\/\/www.cabb-lille.fr\/wp-content\/uploads\/2019\/03\/IMG_20190221_161606-copie-768x1025.jpg 768w, http:\/\/www.cabb-lille.fr\/wp-content\/uploads\/2019\/03\/IMG_20190221_161606-copie-767x1024.jpg 767w, http:\/\/www.cabb-lille.fr\/wp-content\/uploads\/2019\/03\/IMG_20190221_161606-copie-720x961.jpg 720w, http:\/\/www.cabb-lille.fr\/wp-content\/uploads\/2019\/03\/IMG_20190221_161606-copie.jpg 1856w\" sizes=\"auto, (max-width: 225px) 100vw, 225px\" \/> <img loading=\"lazy\" decoding=\"async\" class=\"alignnone size-medium wp-image-761\" src=\"http:\/\/www.cabb-lille.fr\/wp-content\/uploads\/2019\/03\/IMG_20190221_161420-300x225.jpg\" alt=\"\" width=\"300\" height=\"225\" srcset=\"http:\/\/www.cabb-lille.fr\/wp-content\/uploads\/2019\/03\/IMG_20190221_161420-300x225.jpg 300w, http:\/\/www.cabb-lille.fr\/wp-content\/uploads\/2019\/03\/IMG_20190221_161420-768x576.jpg 768w, http:\/\/www.cabb-lille.fr\/wp-content\/uploads\/2019\/03\/IMG_20190221_161420-1024x768.jpg 1024w, http:\/\/www.cabb-lille.fr\/wp-content\/uploads\/2019\/03\/IMG_20190221_161420-720x540.jpg 720w\" sizes=\"auto, (max-width: 300px) 100vw, 300px\" \/> <img loading=\"lazy\" decoding=\"async\" class=\"alignnone size-medium wp-image-760\" src=\"http:\/\/www.cabb-lille.fr\/wp-content\/uploads\/2019\/03\/IMG_20190221_161100-300x215.jpg\" alt=\"\" width=\"300\" height=\"215\" srcset=\"http:\/\/www.cabb-lille.fr\/wp-content\/uploads\/2019\/03\/IMG_20190221_161100-300x215.jpg 300w, http:\/\/www.cabb-lille.fr\/wp-content\/uploads\/2019\/03\/IMG_20190221_161100-768x550.jpg 768w, http:\/\/www.cabb-lille.fr\/wp-content\/uploads\/2019\/03\/IMG_20190221_161100-1024x734.jpg 1024w, http:\/\/www.cabb-lille.fr\/wp-content\/uploads\/2019\/03\/IMG_20190221_161100-350x250.jpg 350w, http:\/\/www.cabb-lille.fr\/wp-content\/uploads\/2019\/03\/IMG_20190221_161100-720x516.jpg 720w\" sizes=\"auto, (max-width: 300px) 100vw, 300px\" \/> <img loading=\"lazy\" decoding=\"async\" class=\"alignnone size-medium wp-image-759\" src=\"http:\/\/www.cabb-lille.fr\/wp-content\/uploads\/2019\/03\/IMG_20190221_161024-300x225.jpg\" alt=\"\" width=\"300\" height=\"225\" srcset=\"http:\/\/www.cabb-lille.fr\/wp-content\/uploads\/2019\/03\/IMG_20190221_161024-300x225.jpg 300w, http:\/\/www.cabb-lille.fr\/wp-content\/uploads\/2019\/03\/IMG_20190221_161024-768x576.jpg 768w, http:\/\/www.cabb-lille.fr\/wp-content\/uploads\/2019\/03\/IMG_20190221_161024-1024x768.jpg 1024w, http:\/\/www.cabb-lille.fr\/wp-content\/uploads\/2019\/03\/IMG_20190221_161024-720x540.jpg 720w\" sizes=\"auto, (max-width: 300px) 100vw, 300px\" \/> <img loading=\"lazy\" decoding=\"async\" class=\"alignnone size-medium wp-image-758\" src=\"http:\/\/www.cabb-lille.fr\/wp-content\/uploads\/2019\/03\/IMG_20190221_161000-225x300.jpg\" alt=\"\" width=\"225\" height=\"300\" srcset=\"http:\/\/www.cabb-lille.fr\/wp-content\/uploads\/2019\/03\/IMG_20190221_161000-225x300.jpg 225w, http:\/\/www.cabb-lille.fr\/wp-content\/uploads\/2019\/03\/IMG_20190221_161000-768x1024.jpg 768w, http:\/\/www.cabb-lille.fr\/wp-content\/uploads\/2019\/03\/IMG_20190221_161000-720x960.jpg 720w\" sizes=\"auto, (max-width: 225px) 100vw, 225px\" \/> <img loading=\"lazy\" decoding=\"async\" class=\"alignnone size-medium wp-image-757\" src=\"http:\/\/www.cabb-lille.fr\/wp-content\/uploads\/2019\/03\/IMG_20190221_160913-225x300.jpg\" alt=\"\" width=\"225\" height=\"300\" srcset=\"http:\/\/www.cabb-lille.fr\/wp-content\/uploads\/2019\/03\/IMG_20190221_160913-225x300.jpg 225w, http:\/\/www.cabb-lille.fr\/wp-content\/uploads\/2019\/03\/IMG_20190221_160913-768x1024.jpg 768w, http:\/\/www.cabb-lille.fr\/wp-content\/uploads\/2019\/03\/IMG_20190221_160913-720x960.jpg 720w\" sizes=\"auto, (max-width: 225px) 100vw, 225px\" \/> <img loading=\"lazy\" decoding=\"async\" class=\"alignnone size-medium wp-image-756\" src=\"http:\/\/www.cabb-lille.fr\/wp-content\/uploads\/2019\/03\/IMG_20190221_160904-225x300.jpg\" alt=\"\" width=\"225\" height=\"300\" srcset=\"http:\/\/www.cabb-lille.fr\/wp-content\/uploads\/2019\/03\/IMG_20190221_160904-225x300.jpg 225w, http:\/\/www.cabb-lille.fr\/wp-content\/uploads\/2019\/03\/IMG_20190221_160904-768x1024.jpg 768w, http:\/\/www.cabb-lille.fr\/wp-content\/uploads\/2019\/03\/IMG_20190221_160904-720x960.jpg 720w\" sizes=\"auto, (max-width: 225px) 100vw, 225px\" \/> <img loading=\"lazy\" decoding=\"async\" class=\"alignnone size-medium wp-image-755\" src=\"http:\/\/www.cabb-lille.fr\/wp-content\/uploads\/2019\/03\/IMG_20190221_160639-300x225.jpg\" alt=\"\" width=\"300\" height=\"225\" srcset=\"http:\/\/www.cabb-lille.fr\/wp-content\/uploads\/2019\/03\/IMG_20190221_160639-300x225.jpg 300w, http:\/\/www.cabb-lille.fr\/wp-content\/uploads\/2019\/03\/IMG_20190221_160639-768x576.jpg 768w, http:\/\/www.cabb-lille.fr\/wp-content\/uploads\/2019\/03\/IMG_20190221_160639-1024x768.jpg 1024w, http:\/\/www.cabb-lille.fr\/wp-content\/uploads\/2019\/03\/IMG_20190221_160639-720x540.jpg 720w\" sizes=\"auto, (max-width: 300px) 100vw, 300px\" \/> <img loading=\"lazy\" decoding=\"async\" class=\"alignnone size-medium wp-image-754\" src=\"http:\/\/www.cabb-lille.fr\/wp-content\/uploads\/2019\/03\/IMG_20190221_160513-300x225.jpg\" alt=\"\" width=\"300\" height=\"225\" srcset=\"http:\/\/www.cabb-lille.fr\/wp-content\/uploads\/2019\/03\/IMG_20190221_160513-300x225.jpg 300w, http:\/\/www.cabb-lille.fr\/wp-content\/uploads\/2019\/03\/IMG_20190221_160513-768x576.jpg 768w, http:\/\/www.cabb-lille.fr\/wp-content\/uploads\/2019\/03\/IMG_20190221_160513-1024x768.jpg 1024w, http:\/\/www.cabb-lille.fr\/wp-content\/uploads\/2019\/03\/IMG_20190221_160513-720x540.jpg 720w\" sizes=\"auto, (max-width: 300px) 100vw, 300px\" \/> <img loading=\"lazy\" decoding=\"async\" class=\"alignnone size-medium wp-image-742\" src=\"http:\/\/www.cabb-lille.fr\/wp-content\/uploads\/2019\/03\/526-300x169.jpeg\" alt=\"\" width=\"300\" height=\"169\" srcset=\"http:\/\/www.cabb-lille.fr\/wp-content\/uploads\/2019\/03\/526-300x169.jpeg 300w, http:\/\/www.cabb-lille.fr\/wp-content\/uploads\/2019\/03\/526-768x432.jpeg 768w, http:\/\/www.cabb-lille.fr\/wp-content\/uploads\/2019\/03\/526-1024x576.jpeg 1024w, http:\/\/www.cabb-lille.fr\/wp-content\/uploads\/2019\/03\/526-720x405.jpeg 720w, http:\/\/www.cabb-lille.fr\/wp-content\/uploads\/2019\/03\/526.jpeg 1280w\" sizes=\"auto, (max-width: 300px) 100vw, 300px\" \/><\/p>\n","protected":false},"excerpt":{"rendered":"<p>En pleine pr\u00e9paration du carnaval, un petit retour en images sur les alebrijes cr\u00e9\u00e9s pour l&#8217;occasion s&#8217;impose ! Lors du stage d&#8217;arts plastiques du 19 au 22 f\u00e9vrier dernier, 8 enfants du quartier ont fabriqu\u00e9 leur propre alebrije, la fameuse [&hellip;]<\/p>\n","protected":false},"author":1,"featured_media":742,"comment_status":"open","ping_status":"open","sticky":false,"template":"","format":"standard","meta":{"_monsterinsights_skip_tracking":false,"_monsterinsights_sitenote_active":false,"_monsterinsights_sitenote_note":"","_monsterinsights_sitenote_category":0,"amp_status":"","footnotes":""},"categories":[1],"tags":[],"class_list":["post-766","post","type-post","status-publish","format-standard","has-post-thumbnail","hentry","category-non-classe"],"_links":{"self":[{"href":"http:\/\/www.cabb-lille.fr\/index.php\/wp-json\/wp\/v2\/posts\/766","targetHints":{"allow":["GET"]}}],"collection":[{"href":"http:\/\/www.cabb-lille.fr\/index.php\/wp-json\/wp\/v2\/posts"}],"about":[{"href":"http:\/\/www.cabb-lille.fr\/index.php\/wp-json\/wp\/v2\/types\/post"}],"author":[{"embeddable":true,"href":"http:\/\/www.cabb-lille.fr\/index.php\/wp-json\/wp\/v2\/users\/1"}],"replies":[{"embeddable":true,"href":"http:\/\/www.cabb-lille.fr\/index.php\/wp-json\/wp\/v2\/comments?post=766"}],"version-history":[{"count":2,"href":"http:\/\/www.cabb-lille.fr\/index.php\/wp-json\/wp\/v2\/posts\/766\/revisions"}],"predecessor-version":[{"id":769,"href":"http:\/\/www.cabb-lille.fr\/index.php\/wp-json\/wp\/v2\/posts\/766\/revisions\/769"}],"wp:featuredmedia":[{"embeddable":true,"href":"http:\/\/www.cabb-lille.fr\/index.php\/wp-json\/wp\/v2\/media\/742"}],"wp:attachment":[{"href":"http:\/\/www.cabb-lille.fr\/index.php\/wp-json\/wp\/v2\/media?parent=766"}],"wp:term":[{"taxonomy":"category","embeddable":true,"href":"http:\/\/www.cabb-lille.fr\/index.php\/wp-json\/wp\/v2\/categories?post=766"},{"taxonomy":"post_tag","embeddable":true,"href":"http:\/\/www.cabb-lille.fr\/index.php\/wp-json\/wp\/v2\/tags?post=766"}],"curies":[{"name":"wp","href":"https:\/\/api.w.org\/{rel}","templated":true}]}}