{"id":798,"date":"2019-04-04T16:59:48","date_gmt":"2019-04-04T14:59:48","guid":{"rendered":"http:\/\/www.cabb-lille.fr\/?p=798"},"modified":"2019-04-04T17:42:41","modified_gmt":"2019-04-04T15:42:41","slug":"retour-en-photos-sur-le-carnaval-des-bois-blancs-direction-mexico","status":"publish","type":"post","link":"http:\/\/www.cabb-lille.fr\/index.php\/2019\/04\/04\/retour-en-photos-sur-le-carnaval-des-bois-blancs-direction-mexico\/","title":{"rendered":"Retour en photos sur le carnaval des Bois Blancs Direction Mexico !"},"content":{"rendered":"<p style=\"text-align: center;\"><strong>Carnaval des Bois Blancs sous le soleil&#8230; Exactement \ud83d\ude42<\/strong><\/p>\n<p style=\"text-align: left;\"><strong>Musique et danse avec le groupe Mariachi Sabor a Mexico, d\u00e9guisements chatoyants, d\u00e9licieuses soupes, et vous&#8230; qui vinrent en grand nombre !<\/strong><\/p>\n<p style=\"text-align: left;\"><strong>Merci \u00e0 tous, habitants, partenaires, musiciens pour ce moment haut en couleur et plein de bonne humeur ! Merci \u00e0 Michel et Francisco pour les photos !<\/strong><\/p>\n<p>&nbsp;<\/p>\n<p><img loading=\"lazy\" decoding=\"async\" class=\"wp-image-777 aligncenter\" src=\"http:\/\/www.cabb-lille.fr\/wp-content\/uploads\/2019\/04\/DSC_4086-copie-300x220.jpg\" alt=\"\" width=\"446\" height=\"327\" srcset=\"http:\/\/www.cabb-lille.fr\/wp-content\/uploads\/2019\/04\/DSC_4086-copie-300x220.jpg 300w, http:\/\/www.cabb-lille.fr\/wp-content\/uploads\/2019\/04\/DSC_4086-copie-768x563.jpg 768w, http:\/\/www.cabb-lille.fr\/wp-content\/uploads\/2019\/04\/DSC_4086-copie-1024x751.jpg 1024w, http:\/\/www.cabb-lille.fr\/wp-content\/uploads\/2019\/04\/DSC_4086-copie-720x528.jpg 720w\" sizes=\"auto, (max-width: 446px) 100vw, 446px\" \/><\/p>\n<p><img loading=\"lazy\" decoding=\"async\" class=\"wp-image-772 aligncenter\" src=\"http:\/\/www.cabb-lille.fr\/wp-content\/uploads\/2019\/04\/unnamed-2-225x300.jpg\" alt=\"\" width=\"333\" height=\"444\" srcset=\"http:\/\/www.cabb-lille.fr\/wp-content\/uploads\/2019\/04\/unnamed-2-225x300.jpg 225w, http:\/\/www.cabb-lille.fr\/wp-content\/uploads\/2019\/04\/unnamed-2-768x1024.jpg 768w, http:\/\/www.cabb-lille.fr\/wp-content\/uploads\/2019\/04\/unnamed-2-720x960.jpg 720w\" sizes=\"auto, (max-width: 333px) 100vw, 333px\" \/><img loading=\"lazy\" decoding=\"async\" class=\"wp-image-801 alignleft\" src=\"http:\/\/www.cabb-lille.fr\/wp-content\/uploads\/2019\/04\/unnamed-225x300.jpg\" alt=\"\" width=\"320\" height=\"427\" srcset=\"http:\/\/www.cabb-lille.fr\/wp-content\/uploads\/2019\/04\/unnamed-225x300.jpg 225w, http:\/\/www.cabb-lille.fr\/wp-content\/uploads\/2019\/04\/unnamed-768x1024.jpg 768w, http:\/\/www.cabb-lille.fr\/wp-content\/uploads\/2019\/04\/unnamed-720x960.jpg 720w\" sizes=\"auto, (max-width: 320px) 100vw, 320px\" \/><img loading=\"lazy\" decoding=\"async\" class=\"wp-image-800 aligncenter\" src=\"http:\/\/www.cabb-lille.fr\/wp-content\/uploads\/2019\/04\/Mariachi-Sabor-A-Mexico2-300x175.jpg\" alt=\"\" width=\"574\" height=\"334\" srcset=\"http:\/\/www.cabb-lille.fr\/wp-content\/uploads\/2019\/04\/Mariachi-Sabor-A-Mexico2-300x175.jpg 300w, http:\/\/www.cabb-lille.fr\/wp-content\/uploads\/2019\/04\/Mariachi-Sabor-A-Mexico2-1024x598.jpg 1024w, http:\/\/www.cabb-lille.fr\/wp-content\/uploads\/2019\/04\/Mariachi-Sabor-A-Mexico2-720x420.jpg 720w\" sizes=\"auto, (max-width: 574px) 100vw, 574px\" \/><img loading=\"lazy\" decoding=\"async\" class=\"alignnone wp-image-775\" src=\"http:\/\/www.cabb-lille.fr\/wp-content\/uploads\/2019\/04\/DSC_4084-200x300.jpg\" alt=\"\" width=\"184\" height=\"275\" srcset=\"http:\/\/www.cabb-lille.fr\/wp-content\/uploads\/2019\/04\/DSC_4084-200x300.jpg 200w, http:\/\/www.cabb-lille.fr\/wp-content\/uploads\/2019\/04\/DSC_4084-768x1150.jpg 768w, http:\/\/www.cabb-lille.fr\/wp-content\/uploads\/2019\/04\/DSC_4084-684x1024.jpg 684w, http:\/\/www.cabb-lille.fr\/wp-content\/uploads\/2019\/04\/DSC_4084-720x1079.jpg 720w\" sizes=\"auto, (max-width: 184px) 100vw, 184px\" \/><img loading=\"lazy\" decoding=\"async\" class=\"wp-image-788 alignleft\" src=\"http:\/\/www.cabb-lille.fr\/wp-content\/uploads\/2019\/04\/DSC_4114-copie-300x199.jpg\" alt=\"\" width=\"401\" height=\"266\" srcset=\"http:\/\/www.cabb-lille.fr\/wp-content\/uploads\/2019\/04\/DSC_4114-copie-300x199.jpg 300w, http:\/\/www.cabb-lille.fr\/wp-content\/uploads\/2019\/04\/DSC_4114-copie-768x508.jpg 768w, http:\/\/www.cabb-lille.fr\/wp-content\/uploads\/2019\/04\/DSC_4114-copie-1024x678.jpg 1024w, http:\/\/www.cabb-lille.fr\/wp-content\/uploads\/2019\/04\/DSC_4114-copie-720x476.jpg 720w\" sizes=\"auto, (max-width: 401px) 100vw, 401px\" \/><img loading=\"lazy\" decoding=\"async\" class=\"alignnone wp-image-785\" src=\"http:\/\/www.cabb-lille.fr\/wp-content\/uploads\/2019\/04\/DSC_4107-copie-300x200.jpg\" alt=\"\" width=\"466\" height=\"311\" srcset=\"http:\/\/www.cabb-lille.fr\/wp-content\/uploads\/2019\/04\/DSC_4107-copie-300x200.jpg 300w, http:\/\/www.cabb-lille.fr\/wp-content\/uploads\/2019\/04\/DSC_4107-copie-768x513.jpg 768w, http:\/\/www.cabb-lille.fr\/wp-content\/uploads\/2019\/04\/DSC_4107-copie-1024x684.jpg 1024w, http:\/\/www.cabb-lille.fr\/wp-content\/uploads\/2019\/04\/DSC_4107-copie-720x481.jpg 720w\" sizes=\"auto, (max-width: 466px) 100vw, 466px\" \/><img loading=\"lazy\" decoding=\"async\" class=\"size-medium wp-image-799 alignright\" src=\"http:\/\/www.cabb-lille.fr\/wp-content\/uploads\/2019\/04\/Mariachi-Sabor-A-Mexico-1-225x300.jpg\" alt=\"\" width=\"225\" height=\"300\" srcset=\"http:\/\/www.cabb-lille.fr\/wp-content\/uploads\/2019\/04\/Mariachi-Sabor-A-Mexico-1-225x300.jpg 225w, http:\/\/www.cabb-lille.fr\/wp-content\/uploads\/2019\/04\/Mariachi-Sabor-A-Mexico-1-768x1024.jpg 768w, http:\/\/www.cabb-lille.fr\/wp-content\/uploads\/2019\/04\/Mariachi-Sabor-A-Mexico-1-720x960.jpg 720w\" sizes=\"auto, (max-width: 225px) 100vw, 225px\" \/><img loading=\"lazy\" decoding=\"async\" class=\"wp-image-795 alignleft\" src=\"http:\/\/www.cabb-lille.fr\/wp-content\/uploads\/2019\/04\/DSC_4135-copie-200x300.jpg\" alt=\"\" width=\"206\" height=\"308\" srcset=\"http:\/\/www.cabb-lille.fr\/wp-content\/uploads\/2019\/04\/DSC_4135-copie-200x300.jpg 200w, http:\/\/www.cabb-lille.fr\/wp-content\/uploads\/2019\/04\/DSC_4135-copie-768x1150.jpg 768w, http:\/\/www.cabb-lille.fr\/wp-content\/uploads\/2019\/04\/DSC_4135-copie-684x1024.jpg 684w, http:\/\/www.cabb-lille.fr\/wp-content\/uploads\/2019\/04\/DSC_4135-copie-720x1079.jpg 720w\" sizes=\"auto, (max-width: 206px) 100vw, 206px\" \/><\/p>\n<p><img loading=\"lazy\" decoding=\"async\" class=\"wp-image-812 aligncenter\" src=\"http:\/\/www.cabb-lille.fr\/wp-content\/uploads\/2019\/04\/DSC_4138-copie-1-300x188.jpg\" alt=\"\" width=\"431\" height=\"270\" srcset=\"http:\/\/www.cabb-lille.fr\/wp-content\/uploads\/2019\/04\/DSC_4138-copie-1-300x188.jpg 300w, http:\/\/www.cabb-lille.fr\/wp-content\/uploads\/2019\/04\/DSC_4138-copie-1-768x482.jpg 768w, http:\/\/www.cabb-lille.fr\/wp-content\/uploads\/2019\/04\/DSC_4138-copie-1-1024x642.jpg 1024w, http:\/\/www.cabb-lille.fr\/wp-content\/uploads\/2019\/04\/DSC_4138-copie-1-720x452.jpg 720w\" sizes=\"auto, (max-width: 431px) 100vw, 431px\" \/><\/p>\n","protected":false},"excerpt":{"rendered":"<p>Carnaval des Bois Blancs sous le soleil&#8230; Exactement \ud83d\ude42 Musique et danse avec le groupe Mariachi Sabor a Mexico, d\u00e9guisements chatoyants, d\u00e9licieuses soupes, et vous&#8230; qui vinrent en grand nombre ! Merci \u00e0 tous, habitants, partenaires, musiciens pour ce moment [&hellip;]<\/p>\n","protected":false},"author":1,"featured_media":786,"comment_status":"open","ping_status":"open","sticky":false,"template":"","format":"standard","meta":{"_monsterinsights_skip_tracking":false,"_monsterinsights_sitenote_active":false,"_monsterinsights_sitenote_note":"","_monsterinsights_sitenote_category":0,"amp_status":"","footnotes":""},"categories":[1],"tags":[],"class_list":["post-798","post","type-post","status-publish","format-standard","has-post-thumbnail","hentry","category-non-classe"],"_links":{"self":[{"href":"http:\/\/www.cabb-lille.fr\/index.php\/wp-json\/wp\/v2\/posts\/798","targetHints":{"allow":["GET"]}}],"collection":[{"href":"http:\/\/www.cabb-lille.fr\/index.php\/wp-json\/wp\/v2\/posts"}],"about":[{"href":"http:\/\/www.cabb-lille.fr\/index.php\/wp-json\/wp\/v2\/types\/post"}],"author":[{"embeddable":true,"href":"http:\/\/www.cabb-lille.fr\/index.php\/wp-json\/wp\/v2\/users\/1"}],"replies":[{"embeddable":true,"href":"http:\/\/www.cabb-lille.fr\/index.php\/wp-json\/wp\/v2\/comments?post=798"}],"version-history":[{"count":11,"href":"http:\/\/www.cabb-lille.fr\/index.php\/wp-json\/wp\/v2\/posts\/798\/revisions"}],"predecessor-version":[{"id":806,"href":"http:\/\/www.cabb-lille.fr\/index.php\/wp-json\/wp\/v2\/posts\/798\/revisions\/806"}],"wp:featuredmedia":[{"embeddable":true,"href":"http:\/\/www.cabb-lille.fr\/index.php\/wp-json\/wp\/v2\/media\/786"}],"wp:attachment":[{"href":"http:\/\/www.cabb-lille.fr\/index.php\/wp-json\/wp\/v2\/media?parent=798"}],"wp:term":[{"taxonomy":"category","embeddable":true,"href":"http:\/\/www.cabb-lille.fr\/index.php\/wp-json\/wp\/v2\/categories?post=798"},{"taxonomy":"post_tag","embeddable":true,"href":"http:\/\/www.cabb-lille.fr\/index.php\/wp-json\/wp\/v2\/tags?post=798"}],"curies":[{"name":"wp","href":"https:\/\/api.w.org\/{rel}","templated":true}]}}