{"id":1276,"date":"2019-11-21T14:42:35","date_gmt":"2019-11-21T13:42:35","guid":{"rendered":"http:\/\/www.cabb-lille.fr\/?p=1276"},"modified":"2019-11-21T14:42:35","modified_gmt":"2019-11-21T13:42:35","slug":"dimanche-24-novembre-a-l-espace-pignon","status":"publish","type":"post","link":"https:\/\/www.cabb-lille.fr\/index.php\/2019\/11\/21\/dimanche-24-novembre-a-l-espace-pignon\/","title":{"rendered":"Dimanche 24 novembre \u00e0 l&#8217; Espace Pignon"},"content":{"rendered":"\t\t<div data-elementor-type=\"wp-post\" data-elementor-id=\"1276\" class=\"elementor elementor-1276\" data-elementor-settings=\"[]\">\n\t\t\t<div class=\"elementor-inner\">\n\t\t\t\t<div class=\"elementor-section-wrap\">\n\t\t\t\t\t\t\t<section class=\"elementor-element elementor-element-85d8943 elementor-section-boxed elementor-section-height-default elementor-section-height-default elementor-section elementor-top-section\" data-id=\"85d8943\" data-element_type=\"section\">\n\t\t\t\t\t\t<div class=\"elementor-container elementor-column-gap-default\">\n\t\t\t\t<div class=\"elementor-row\">\n\t\t\t\t<div class=\"elementor-element elementor-element-78f37b8 elementor-column elementor-col-100 elementor-top-column\" data-id=\"78f37b8\" data-element_type=\"column\">\n\t\t\t<div class=\"elementor-column-wrap  elementor-element-populated\">\n\t\t\t\t\t<div class=\"elementor-widget-wrap\">\n\t\t\t\t<div class=\"elementor-element elementor-element-1334d4d elementor-widget elementor-widget-text-editor\" data-id=\"1334d4d\" data-element_type=\"widget\" data-widget_type=\"text-editor.default\">\n\t\t\t\t<div class=\"elementor-widget-container\">\n\t\t\t\t\t<div class=\"elementor-text-editor elementor-clearfix\"><p>De 15h \u00e0 18h. Atelier Parents-Enfants (\u00e0 partir de 5 ans) Cr\u00e9ation d&#8217;une oeuvre collective avec Emilie PICAVET<\/p><\/div>\n\t\t\t\t<\/div>\n\t\t\t\t<\/div>\n\t\t\t\t\t\t<\/div>\n\t\t\t<\/div>\n\t\t<\/div>\n\t\t\t\t\t\t<\/div>\n\t\t\t<\/div>\n\t\t<\/section>\n\t\t\t\t\t\t<\/div>\n\t\t\t<\/div>\n\t\t<\/div>\n\t\t","protected":false},"excerpt":{"rendered":"<p>De 15h \u00e0 18h. Atelier Parents-Enfants (\u00e0 partir de 5 ans) Cr\u00e9ation d&#8217;une oeuvre collective avec Emilie PICAVET<\/p>\n","protected":false},"author":1,"featured_media":1277,"comment_status":"open","ping_status":"open","sticky":false,"template":"","format":"standard","meta":{"_monsterinsights_skip_tracking":false,"_monsterinsights_sitenote_active":false,"_monsterinsights_sitenote_note":"","_monsterinsights_sitenote_category":0,"amp_status":"","footnotes":""},"categories":[12,7],"tags":[],"class_list":["post-1276","post","type-post","status-publish","format-standard","has-post-thumbnail","hentry","category-les-animations","category-les-expositions"],"_links":{"self":[{"href":"https:\/\/www.cabb-lille.fr\/index.php\/wp-json\/wp\/v2\/posts\/1276","targetHints":{"allow":["GET"]}}],"collection":[{"href":"https:\/\/www.cabb-lille.fr\/index.php\/wp-json\/wp\/v2\/posts"}],"about":[{"href":"https:\/\/www.cabb-lille.fr\/index.php\/wp-json\/wp\/v2\/types\/post"}],"author":[{"embeddable":true,"href":"https:\/\/www.cabb-lille.fr\/index.php\/wp-json\/wp\/v2\/users\/1"}],"replies":[{"embeddable":true,"href":"https:\/\/www.cabb-lille.fr\/index.php\/wp-json\/wp\/v2\/comments?post=1276"}],"version-history":[{"count":3,"href":"https:\/\/www.cabb-lille.fr\/index.php\/wp-json\/wp\/v2\/posts\/1276\/revisions"}],"predecessor-version":[{"id":1280,"href":"https:\/\/www.cabb-lille.fr\/index.php\/wp-json\/wp\/v2\/posts\/1276\/revisions\/1280"}],"wp:featuredmedia":[{"embeddable":true,"href":"https:\/\/www.cabb-lille.fr\/index.php\/wp-json\/wp\/v2\/media\/1277"}],"wp:attachment":[{"href":"https:\/\/www.cabb-lille.fr\/index.php\/wp-json\/wp\/v2\/media?parent=1276"}],"wp:term":[{"taxonomy":"category","embeddable":true,"href":"https:\/\/www.cabb-lille.fr\/index.php\/wp-json\/wp\/v2\/categories?post=1276"},{"taxonomy":"post_tag","embeddable":true,"href":"https:\/\/www.cabb-lille.fr\/index.php\/wp-json\/wp\/v2\/tags?post=1276"}],"curies":[{"name":"wp","href":"https:\/\/api.w.org\/{rel}","templated":true}]}}