{"id":1408,"date":"2020-01-14T10:53:04","date_gmt":"2020-01-14T09:53:04","guid":{"rendered":"http:\/\/www.cabb-lille.fr\/?p=1408"},"modified":"2020-01-14T10:53:04","modified_gmt":"2020-01-14T09:53:04","slug":"demenagement-du-cabb","status":"publish","type":"post","link":"https:\/\/www.cabb-lille.fr\/index.php\/2020\/01\/14\/demenagement-du-cabb\/","title":{"rendered":"D\u00e9m\u00e9nagement du CABB"},"content":{"rendered":"\t\t<div data-elementor-type=\"wp-post\" data-elementor-id=\"1408\" class=\"elementor elementor-1408\" data-elementor-settings=\"[]\">\n\t\t\t<div class=\"elementor-inner\">\n\t\t\t\t<div class=\"elementor-section-wrap\">\n\t\t\t\t\t\t\t<section class=\"elementor-element elementor-element-d69f55a elementor-section-boxed elementor-section-height-default elementor-section-height-default elementor-section elementor-top-section\" data-id=\"d69f55a\" data-element_type=\"section\">\n\t\t\t\t\t\t<div class=\"elementor-container elementor-column-gap-default\">\n\t\t\t\t<div class=\"elementor-row\">\n\t\t\t\t<div class=\"elementor-element elementor-element-7996d8b elementor-column elementor-col-100 elementor-top-column\" data-id=\"7996d8b\" data-element_type=\"column\">\n\t\t\t<div class=\"elementor-column-wrap  elementor-element-populated\">\n\t\t\t\t\t<div class=\"elementor-widget-wrap\">\n\t\t\t\t<div class=\"elementor-element elementor-element-394a291 elementor-widget elementor-widget-text-editor\" data-id=\"394a291\" data-element_type=\"widget\" data-widget_type=\"text-editor.default\">\n\t\t\t\t<div class=\"elementor-widget-container\">\n\t\t\t\t\t<div class=\"elementor-text-editor elementor-clearfix\"><p>Suite \u00e0 notre d\u00e9m\u00e9nagement <span class=\"_5mfr\"><span class=\"_6qdm\">\ud83d\udce6<\/span><\/span><span class=\"_5mfr\"><span class=\"_6qdm\">\ud83d\udce6<\/span><\/span><span class=\"_5mfr\"><span class=\"_6qdm\">\ud83d\udce6<\/span><\/span> <span class=\"_5mfr\"><span class=\"_6qdm\">\ud83d\ude42<\/span><\/span> , nous ne sommes pas joignable par t\u00e9l\u00e9phone cette semaine mais vous pouvez bien s\u00fbr nous contacter par mail : contact@cabb-lille.fr<\/p><p>A bient\u00f4t ! L&#8217;\u00e9quipe du CABB<\/p><\/div>\n\t\t\t\t<\/div>\n\t\t\t\t<\/div>\n\t\t\t\t\t\t<\/div>\n\t\t\t<\/div>\n\t\t<\/div>\n\t\t\t\t\t\t<\/div>\n\t\t\t<\/div>\n\t\t<\/section>\n\t\t\t\t\t\t<\/div>\n\t\t\t<\/div>\n\t\t<\/div>\n\t\t","protected":false},"excerpt":{"rendered":"<p>Suite \u00e0 notre d\u00e9m\u00e9nagement \ud83d\udce6\ud83d\udce6\ud83d\udce6 \ud83d\ude42 , nous ne sommes pas joignable par t\u00e9l\u00e9phone cette semaine mais vous pouvez bien s\u00fbr nous contacter par mail : contact@cabb-lille.fr A bient\u00f4t ! L&#8217;\u00e9quipe du CABB<\/p>\n","protected":false},"author":1,"featured_media":0,"comment_status":"open","ping_status":"open","sticky":false,"template":"","format":"standard","meta":{"_monsterinsights_skip_tracking":false,"_monsterinsights_sitenote_active":false,"_monsterinsights_sitenote_note":"","_monsterinsights_sitenote_category":0,"amp_status":"","footnotes":""},"categories":[1],"tags":[],"class_list":["post-1408","post","type-post","status-publish","format-standard","hentry","category-non-classe"],"_links":{"self":[{"href":"https:\/\/www.cabb-lille.fr\/index.php\/wp-json\/wp\/v2\/posts\/1408","targetHints":{"allow":["GET"]}}],"collection":[{"href":"https:\/\/www.cabb-lille.fr\/index.php\/wp-json\/wp\/v2\/posts"}],"about":[{"href":"https:\/\/www.cabb-lille.fr\/index.php\/wp-json\/wp\/v2\/types\/post"}],"author":[{"embeddable":true,"href":"https:\/\/www.cabb-lille.fr\/index.php\/wp-json\/wp\/v2\/users\/1"}],"replies":[{"embeddable":true,"href":"https:\/\/www.cabb-lille.fr\/index.php\/wp-json\/wp\/v2\/comments?post=1408"}],"version-history":[{"count":3,"href":"https:\/\/www.cabb-lille.fr\/index.php\/wp-json\/wp\/v2\/posts\/1408\/revisions"}],"predecessor-version":[{"id":1411,"href":"https:\/\/www.cabb-lille.fr\/index.php\/wp-json\/wp\/v2\/posts\/1408\/revisions\/1411"}],"wp:attachment":[{"href":"https:\/\/www.cabb-lille.fr\/index.php\/wp-json\/wp\/v2\/media?parent=1408"}],"wp:term":[{"taxonomy":"category","embeddable":true,"href":"https:\/\/www.cabb-lille.fr\/index.php\/wp-json\/wp\/v2\/categories?post=1408"},{"taxonomy":"post_tag","embeddable":true,"href":"https:\/\/www.cabb-lille.fr\/index.php\/wp-json\/wp\/v2\/tags?post=1408"}],"curies":[{"name":"wp","href":"https:\/\/api.w.org\/{rel}","templated":true}]}}