{"id":1752,"date":"2020-09-01T11:27:03","date_gmt":"2020-09-01T09:27:03","guid":{"rendered":"http:\/\/www.cabb-lille.fr\/?p=1752"},"modified":"2020-09-24T17:23:13","modified_gmt":"2020-09-24T15:23:13","slug":"tot-ou-tart-vernissage-vendredi-18-septembre-a-19h","status":"publish","type":"post","link":"https:\/\/www.cabb-lille.fr\/index.php\/2020\/09\/01\/tot-ou-tart-vernissage-vendredi-18-septembre-a-19h\/","title":{"rendered":"T\u00d4T OU T&#8217;ART du 19 au 27 septembre"},"content":{"rendered":"\t\t<div data-elementor-type=\"wp-post\" data-elementor-id=\"1752\" class=\"elementor elementor-1752\" data-elementor-settings=\"[]\">\n\t\t\t<div class=\"elementor-inner\">\n\t\t\t\t<div class=\"elementor-section-wrap\">\n\t\t\t\t\t\t\t<section class=\"elementor-element elementor-element-52eb53d elementor-section-boxed elementor-section-height-default elementor-section-height-default elementor-section elementor-top-section\" data-id=\"52eb53d\" data-element_type=\"section\">\n\t\t\t\t\t\t<div class=\"elementor-container elementor-column-gap-default\">\n\t\t\t\t<div class=\"elementor-row\">\n\t\t\t\t<div class=\"elementor-element elementor-element-0f794e5 elementor-column elementor-col-100 elementor-top-column\" data-id=\"0f794e5\" data-element_type=\"column\">\n\t\t\t<div class=\"elementor-column-wrap  elementor-element-populated\">\n\t\t\t\t\t<div class=\"elementor-widget-wrap\">\n\t\t\t\t<div class=\"elementor-element elementor-element-2a725bf elementor-widget elementor-widget-text-editor\" data-id=\"2a725bf\" data-element_type=\"widget\" data-widget_type=\"text-editor.default\">\n\t\t\t\t<div class=\"elementor-widget-container\">\n\t\t\t\t\t<div class=\"elementor-text-editor elementor-clearfix\"><p>Suite au nouvel arr\u00eat\u00e9 pr\u00e9fectoral du 15 Septembre, le vernissage du 18 septembre est annul\u00e9. \u00a0L&#8217;exposition et les activit\u00e9s (atelier d&#8217;\u00e9criture et visites cont\u00e9es) sont maintenues.\u00a0<\/p><p>Venez d\u00e9couvrir les oeuvres r\u00e9alis\u00e9es par les participants aux ateliers d\u2019arts plastiques \u00e0 l\u2019Espace Pignon pendant l&#8217;ann\u00e9e 2019-2020.Tout au long de l&#8217;ann\u00e9e, les participants guid\u00e9s par l&#8217;intervenante artistique Mathilde Malapel, d\u00e9couvrent l&#8217;univers de nombreux artistes et s&#8217;initient \u00e0 de nombreuses techniques (peinture, dessin, c\u00e9ramique, techniques mixtes&#8230;).<\/p><p><strong>Exposition visible du 19 au 27 septembre<\/strong><br \/>Mercredi au vendredi de 14h30 \u00e0 17h30<br \/>Samedi de 10h \u00e0 11h30 \/ Dimanche de 15h \u00e0 18h<\/p><p>Samedi 19 et dimanche 20 septembre<br \/>10h \u00e0 12h\u00a0<\/p><p>Samedi 19 septembre de 14h30 \u00e0 17h30<br \/>Atelier d&#8217;\u00e9criture &#8221; <strong>LES Z&#8217;\u00c9CRITOIRES &#8221; (Zazie Mode d&#8217;Emploi)<\/strong><br \/>Sur r\u00e9servation au CABB<\/p><p>Dimanche 20\/09 <strong>VISITE CONT\u00c9E avec Fran\u00e7ois Griffault<\/strong><br \/>S\u00e9ance \u00e0 15h30 et 17h<br \/>Sur r\u00e9servation au CABB<\/p><p>Espace Edouard Pignon<br \/>11, rue Guillaume Tell &#8211; M\u00e9tro Bois Blancs<br \/><a href=\"https:\/\/l.facebook.com\/l.php?u=http%3A%2F%2Fwww.cabb-lille.fr%2F%3Ffbclid%3DIwAR1oQVCJ9anzs2Naze517YN5uxdKP302PROKSUS3EkyQAIP1VxBBL1pCyfU&amp;h=AT0GVuAy0jTQd6k-5nkUUhD4gS9NmUTrdnVhTeq73ctLv_NZM9zHD3m5gOYfcvOMsZdCDCcY7NA3j7LLDTMAM4Q771-Bl4qTmZjpqOSfeSZcmMnI3xjneFqTPiO39naaDlsGeoU6f11u1qmBjX7oSpAazw\" target=\"_blank\" rel=\"nofollow noopener\" data-lynx-mode=\"hover\">www.cabb-lille.fr<\/a><\/p><p><strong>Info et r\u00e9servation : contact@cabb-lille.fr &#8211; 03 20 86 25 71<\/strong><\/p><\/div>\n\t\t\t\t<\/div>\n\t\t\t\t<\/div>\n\t\t\t\t\t\t<\/div>\n\t\t\t<\/div>\n\t\t<\/div>\n\t\t\t\t\t\t<\/div>\n\t\t\t<\/div>\n\t\t<\/section>\n\t\t\t\t\t\t<\/div>\n\t\t\t<\/div>\n\t\t<\/div>\n\t\t","protected":false},"excerpt":{"rendered":"<p>Suite au nouvel arr\u00eat\u00e9 pr\u00e9fectoral du 15 Septembre, le vernissage du 18 septembre est annul\u00e9. \u00a0L&#8217;exposition et les activit\u00e9s (atelier d&#8217;\u00e9criture et visites cont\u00e9es) sont maintenues. Venez d\u00e9couvrir les oeuvres r\u00e9alis\u00e9es par les participants aux ateliers d\u2019arts plastiques \u00e0 l\u2019Espace [&hellip;]<\/p>\n","protected":false},"author":1,"featured_media":1838,"comment_status":"open","ping_status":"open","sticky":false,"template":"","format":"standard","meta":{"_monsterinsights_skip_tracking":false,"_monsterinsights_sitenote_active":false,"_monsterinsights_sitenote_note":"","_monsterinsights_sitenote_category":0,"amp_status":"","footnotes":""},"categories":[7,1],"tags":[],"class_list":["post-1752","post","type-post","status-publish","format-standard","has-post-thumbnail","hentry","category-les-expositions","category-non-classe"],"_links":{"self":[{"href":"https:\/\/www.cabb-lille.fr\/index.php\/wp-json\/wp\/v2\/posts\/1752","targetHints":{"allow":["GET"]}}],"collection":[{"href":"https:\/\/www.cabb-lille.fr\/index.php\/wp-json\/wp\/v2\/posts"}],"about":[{"href":"https:\/\/www.cabb-lille.fr\/index.php\/wp-json\/wp\/v2\/types\/post"}],"author":[{"embeddable":true,"href":"https:\/\/www.cabb-lille.fr\/index.php\/wp-json\/wp\/v2\/users\/1"}],"replies":[{"embeddable":true,"href":"https:\/\/www.cabb-lille.fr\/index.php\/wp-json\/wp\/v2\/comments?post=1752"}],"version-history":[{"count":11,"href":"https:\/\/www.cabb-lille.fr\/index.php\/wp-json\/wp\/v2\/posts\/1752\/revisions"}],"predecessor-version":[{"id":1839,"href":"https:\/\/www.cabb-lille.fr\/index.php\/wp-json\/wp\/v2\/posts\/1752\/revisions\/1839"}],"wp:featuredmedia":[{"embeddable":true,"href":"https:\/\/www.cabb-lille.fr\/index.php\/wp-json\/wp\/v2\/media\/1838"}],"wp:attachment":[{"href":"https:\/\/www.cabb-lille.fr\/index.php\/wp-json\/wp\/v2\/media?parent=1752"}],"wp:term":[{"taxonomy":"category","embeddable":true,"href":"https:\/\/www.cabb-lille.fr\/index.php\/wp-json\/wp\/v2\/categories?post=1752"},{"taxonomy":"post_tag","embeddable":true,"href":"https:\/\/www.cabb-lille.fr\/index.php\/wp-json\/wp\/v2\/tags?post=1752"}],"curies":[{"name":"wp","href":"https:\/\/api.w.org\/{rel}","templated":true}]}}