{"id":1844,"date":"2020-09-30T11:00:57","date_gmt":"2020-09-30T09:00:57","guid":{"rendered":"http:\/\/www.cabb-lille.fr\/?p=1844"},"modified":"2020-09-30T11:03:52","modified_gmt":"2020-09-30T09:03:52","slug":"retour-en-poemes-et-photos-les-zecritoires","status":"publish","type":"post","link":"https:\/\/www.cabb-lille.fr\/index.php\/2020\/09\/30\/retour-en-poemes-et-photos-les-zecritoires\/","title":{"rendered":"RETOUR EN PO\u00c8MES ET PHOTOS \/ LES Z&#8217;\u00c9CRITOIRES"},"content":{"rendered":"\t\t<div data-elementor-type=\"wp-post\" data-elementor-id=\"1844\" class=\"elementor elementor-1844\" data-elementor-settings=\"[]\">\n\t\t\t<div class=\"elementor-inner\">\n\t\t\t\t<div class=\"elementor-section-wrap\">\n\t\t\t\t\t\t\t<section class=\"elementor-element elementor-element-0914dbe elementor-section-boxed elementor-section-height-default elementor-section-height-default elementor-section elementor-top-section\" data-id=\"0914dbe\" data-element_type=\"section\">\n\t\t\t\t\t\t<div class=\"elementor-container elementor-column-gap-default\">\n\t\t\t\t<div class=\"elementor-row\">\n\t\t\t\t<div class=\"elementor-element elementor-element-37952b2 elementor-column elementor-col-100 elementor-top-column\" data-id=\"37952b2\" data-element_type=\"column\">\n\t\t\t<div class=\"elementor-column-wrap  elementor-element-populated\">\n\t\t\t\t\t<div class=\"elementor-widget-wrap\">\n\t\t\t\t<div class=\"elementor-element elementor-element-621b94a elementor-widget elementor-widget-text-editor\" data-id=\"621b94a\" data-element_type=\"widget\" data-widget_type=\"text-editor.default\">\n\t\t\t\t<div class=\"elementor-widget-container\">\n\t\t\t\t\t<div class=\"elementor-text-editor elementor-clearfix\"><div><span style=\"color: #e69138;\"><b>Un petit retour sur l&#8217;atelier LES Z&#8217;ECRITOIRES du 19 septembre<\/b><\/span><b style=\"color: #e69138;\">\u00a0anim\u00e9 par Martin Granger (association Zazie Mode d&#8217;Emploi)\u00a0<\/b><\/div><div>Les participants \u00a0se sont inspir\u00e9s de l&#8217;exposition T\u00f4t ou T&#8217;art et\u00a0nous livrent aujourd&#8217;hui leur po\u00e9sie \u00e9chevel\u00e9e !\u00a0<\/div><div><div>\u00a0<\/div><div>Quelques petits clic par ici pour s&#8217;\u00e9vader !\u00a0<\/div><div><a href=\"https:\/\/www.zazipo.net\/Du-caviar-a-Pignon\">DU CAVIAR A PIGNON<\/a>\u00a0<\/div><div><a href=\"https:\/\/www.zazipo.net\/Elle-danse-enceinte\">ELLE DANSE ENCEINTE<\/a><\/div><div><a href=\"https:\/\/www.zazipo.net\/Les-perles-spiralees\">LES PERLES SPIRAL\u00c9ES<\/a><\/div><div><a href=\"https:\/\/www.zazipo.net\/Tot-ou-t-art-l-aleatoire\">T\u00d4t OU T&#8217;ART &#8211; L&#8217;AL\u00c9ATOIRE<\/a><\/div><\/div><\/div>\n\t\t\t\t<\/div>\n\t\t\t\t<\/div>\n\t\t\t\t\t\t<\/div>\n\t\t\t<\/div>\n\t\t<\/div>\n\t\t\t\t\t\t<\/div>\n\t\t\t<\/div>\n\t\t<\/section>\n\t\t\t\t<section class=\"elementor-element elementor-element-268c166 elementor-section-boxed elementor-section-height-default elementor-section-height-default elementor-section elementor-top-section\" data-id=\"268c166\" data-element_type=\"section\">\n\t\t\t\t\t\t<div class=\"elementor-container elementor-column-gap-default\">\n\t\t\t\t<div class=\"elementor-row\">\n\t\t\t\t<div class=\"elementor-element elementor-element-917e93b elementor-column elementor-col-100 elementor-top-column\" data-id=\"917e93b\" data-element_type=\"column\">\n\t\t\t<div class=\"elementor-column-wrap  elementor-element-populated\">\n\t\t\t\t\t<div class=\"elementor-widget-wrap\">\n\t\t\t\t<div class=\"elementor-element elementor-element-e96166f elementor-widget elementor-widget-image-gallery\" data-id=\"e96166f\" data-element_type=\"widget\" data-widget_type=\"image-gallery.default\">\n\t\t\t\t<div class=\"elementor-widget-container\">\n\t\t\t\t\t<div class=\"elementor-image-gallery\">\n\t\t\t<div id='gallery-1' class='gallery galleryid-1844 gallery-columns-4 gallery-size-thumbnail'><figure class='gallery-item'>\n\t\t\t<div class='gallery-icon landscape'>\n\t\t\t\t<a data-elementor-open-lightbox=\"default\" data-elementor-lightbox-slideshow=\"e96166f\" href='https:\/\/www.cabb-lille.fr\/wp-content\/uploads\/2020\/09\/Zazie-atelier-2020-2.jpg'><img loading=\"lazy\" decoding=\"async\" width=\"150\" height=\"150\" src=\"https:\/\/www.cabb-lille.fr\/wp-content\/uploads\/2020\/09\/Zazie-atelier-2020-2-150x150.jpg\" class=\"attachment-thumbnail size-thumbnail\" alt=\"\" \/><\/a>\n\t\t\t<\/div><\/figure><figure class='gallery-item'>\n\t\t\t<div class='gallery-icon landscape'>\n\t\t\t\t<a data-elementor-open-lightbox=\"default\" data-elementor-lightbox-slideshow=\"e96166f\" href='https:\/\/www.cabb-lille.fr\/wp-content\/uploads\/2020\/09\/Zazie-atelier-2020-1.jpg'><img loading=\"lazy\" decoding=\"async\" width=\"150\" height=\"150\" src=\"https:\/\/www.cabb-lille.fr\/wp-content\/uploads\/2020\/09\/Zazie-atelier-2020-1-150x150.jpg\" class=\"attachment-thumbnail size-thumbnail\" alt=\"\" \/><\/a>\n\t\t\t<\/div><\/figure>\n\t\t<\/div>\n\t\t<\/div>\n\t\t\t\t<\/div>\n\t\t\t\t<\/div>\n\t\t\t\t\t\t<\/div>\n\t\t\t<\/div>\n\t\t<\/div>\n\t\t\t\t\t\t<\/div>\n\t\t\t<\/div>\n\t\t<\/section>\n\t\t\t\t\t\t<\/div>\n\t\t\t<\/div>\n\t\t<\/div>\n\t\t","protected":false},"excerpt":{"rendered":"<p>Un petit retour sur l&#8217;atelier LES Z&#8217;ECRITOIRES du 19 septembre\u00a0anim\u00e9 par Martin Granger (association Zazie Mode d&#8217;Emploi)\u00a0Les participants \u00a0se sont inspir\u00e9s de l&#8217;exposition T\u00f4t ou T&#8217;art et\u00a0nous livrent aujourd&#8217;hui leur po\u00e9sie \u00e9chevel\u00e9e !\u00a0\u00a0Quelques petits clic par ici pour s&#8217;\u00e9vader !\u00a0DU [&hellip;]<\/p>\n","protected":false},"author":1,"featured_media":1847,"comment_status":"open","ping_status":"open","sticky":false,"template":"","format":"standard","meta":{"_monsterinsights_skip_tracking":false,"_monsterinsights_sitenote_active":false,"_monsterinsights_sitenote_note":"","_monsterinsights_sitenote_category":0,"amp_status":"","footnotes":""},"categories":[12,7],"tags":[],"class_list":["post-1844","post","type-post","status-publish","format-standard","has-post-thumbnail","hentry","category-les-animations","category-les-expositions"],"_links":{"self":[{"href":"https:\/\/www.cabb-lille.fr\/index.php\/wp-json\/wp\/v2\/posts\/1844","targetHints":{"allow":["GET"]}}],"collection":[{"href":"https:\/\/www.cabb-lille.fr\/index.php\/wp-json\/wp\/v2\/posts"}],"about":[{"href":"https:\/\/www.cabb-lille.fr\/index.php\/wp-json\/wp\/v2\/types\/post"}],"author":[{"embeddable":true,"href":"https:\/\/www.cabb-lille.fr\/index.php\/wp-json\/wp\/v2\/users\/1"}],"replies":[{"embeddable":true,"href":"https:\/\/www.cabb-lille.fr\/index.php\/wp-json\/wp\/v2\/comments?post=1844"}],"version-history":[{"count":3,"href":"https:\/\/www.cabb-lille.fr\/index.php\/wp-json\/wp\/v2\/posts\/1844\/revisions"}],"predecessor-version":[{"id":1850,"href":"https:\/\/www.cabb-lille.fr\/index.php\/wp-json\/wp\/v2\/posts\/1844\/revisions\/1850"}],"wp:featuredmedia":[{"embeddable":true,"href":"https:\/\/www.cabb-lille.fr\/index.php\/wp-json\/wp\/v2\/media\/1847"}],"wp:attachment":[{"href":"https:\/\/www.cabb-lille.fr\/index.php\/wp-json\/wp\/v2\/media?parent=1844"}],"wp:term":[{"taxonomy":"category","embeddable":true,"href":"https:\/\/www.cabb-lille.fr\/index.php\/wp-json\/wp\/v2\/categories?post=1844"},{"taxonomy":"post_tag","embeddable":true,"href":"https:\/\/www.cabb-lille.fr\/index.php\/wp-json\/wp\/v2\/tags?post=1844"}],"curies":[{"name":"wp","href":"https:\/\/api.w.org\/{rel}","templated":true}]}}