{"id":254,"date":"2018-03-20T11:52:41","date_gmt":"2018-03-20T10:52:41","guid":{"rendered":"http:\/\/www.cabb-lille.fr\/?p=254"},"modified":"2018-03-20T11:52:41","modified_gmt":"2018-03-20T10:52:41","slug":"lespace-pignon-recoit-les-fenetres-qui-parlent","status":"publish","type":"post","link":"https:\/\/www.cabb-lille.fr\/index.php\/2018\/03\/20\/lespace-pignon-recoit-les-fenetres-qui-parlent\/","title":{"rendered":"L&#8217;Espace Pignon re\u00e7oit les Fen\u00eatres qui Parlent"},"content":{"rendered":"<p>Le CABB, le collectif d&#8217;habitants, l&#8217;association Asso R\u00e9so M\u00e9tro et la Ville de Lille sont heureux de vous pr\u00e9senter la nouvelle exposition \u00e0 l&#8217;Espace Pignon des Fen\u00eatres qui Parlent,<br \/>\n7\u00e8me \u00e9dition aux Bois Blancs sur le th\u00e8me Mutation.<\/p>\n<p>21 artistes \u00e0 d\u00e9couvrir \u00e0 l&#8217;Espace Pignon et dans les Fen\u00eatres du quartier : Antoinette BAYARD MOUVEAUX, BigZim, Virginie BOCQUET, Aymeric BOISSAY, Yasmine DAMIENS,<br \/>\nCoralie DESFACHELLE, H\u00e9l\u00e8ne DEVOS , H\u00e9l\u00e8ne DHAESE, Marianne DUPONT, Laetitia GALITA, C\u00e9line HALIN, H\u00e9l\u00e8ne HARDY, No\u00e9mie LANSALOT, NUOCMAN, Marl\u00e8ne PEIRS, Nathalie PENSART, Didier PERON, Lina QI, Jean-Fran\u00e7ois SCHWARZ , Denis STREIBIG, B\u00e9n\u00e9dicte V<span class=\"text_exposed_show\">AN TICHELEN,<\/p>\n<p>Des oeuvres graphiques, des peintures, des gravures, des sculptures, des broderies, des oeuvres en verre, des photographies.<\/p>\n<p>Exposition visible du 16 mars au 6 avril.<\/p>\n<p>48 fen\u00eatres qui parlent dans les rues :<\/p>\n<p>Guillaume Tell, Championnet, Bouguereau, Galil\u00e9e, Cassel, Tourville, La Bruy\u00e8re, Quai de l\u2019Ouest, Henri Regnault, Gobin, Surcouf, G\u00e9n\u00e9ral Anne de la Bourdonnay, Chaplin, Mermoz, Bois Blancs.<\/p>\n<p>L\u2019association LaGard\u00f4 proposera &#8221; Les Hublots qui racontent &#8221; sur la jet\u00e9e de la gare d&#8217;eau avec exposition sur b\u00e2che des photos de Momo Ghesqui\u00e8re, photographe et habitant de la Gare d&#8217;eau.<\/p>\n<p>6 avril : TEMPS FORT<br \/>\n(concoct\u00e9 par le collectif d&#8217;habitants)<br \/>\n18h : rdv \u00e0 la Gare d&#8217;Eau<br \/>\nD\u00e9ambulation \u00e0 la rencontre des Fen\u00eatres qui Parlent Danse &#8211; Contes &#8211; Po\u00e8mes sonores<br \/>\nConcert : Soci\u00e9t\u00e9 BOCOSTUM<\/span><\/p>\n","protected":false},"excerpt":{"rendered":"<p>Le CABB, le collectif d&#8217;habitants, l&#8217;association Asso R\u00e9so M\u00e9tro et la Ville de Lille sont heureux de vous pr\u00e9senter la nouvelle exposition \u00e0 l&#8217;Espace Pignon des Fen\u00eatres qui Parlent, 7\u00e8me \u00e9dition aux Bois Blancs sur le th\u00e8me Mutation. 21 artistes [&hellip;]<\/p>\n","protected":false},"author":1,"featured_media":255,"comment_status":"open","ping_status":"open","sticky":false,"template":"","format":"standard","meta":{"_monsterinsights_skip_tracking":false,"_monsterinsights_sitenote_active":false,"_monsterinsights_sitenote_note":"","_monsterinsights_sitenote_category":0,"amp_status":"","footnotes":""},"categories":[7],"tags":[],"class_list":["post-254","post","type-post","status-publish","format-standard","has-post-thumbnail","hentry","category-les-expositions"],"_links":{"self":[{"href":"https:\/\/www.cabb-lille.fr\/index.php\/wp-json\/wp\/v2\/posts\/254","targetHints":{"allow":["GET"]}}],"collection":[{"href":"https:\/\/www.cabb-lille.fr\/index.php\/wp-json\/wp\/v2\/posts"}],"about":[{"href":"https:\/\/www.cabb-lille.fr\/index.php\/wp-json\/wp\/v2\/types\/post"}],"author":[{"embeddable":true,"href":"https:\/\/www.cabb-lille.fr\/index.php\/wp-json\/wp\/v2\/users\/1"}],"replies":[{"embeddable":true,"href":"https:\/\/www.cabb-lille.fr\/index.php\/wp-json\/wp\/v2\/comments?post=254"}],"version-history":[{"count":1,"href":"https:\/\/www.cabb-lille.fr\/index.php\/wp-json\/wp\/v2\/posts\/254\/revisions"}],"predecessor-version":[{"id":256,"href":"https:\/\/www.cabb-lille.fr\/index.php\/wp-json\/wp\/v2\/posts\/254\/revisions\/256"}],"wp:featuredmedia":[{"embeddable":true,"href":"https:\/\/www.cabb-lille.fr\/index.php\/wp-json\/wp\/v2\/media\/255"}],"wp:attachment":[{"href":"https:\/\/www.cabb-lille.fr\/index.php\/wp-json\/wp\/v2\/media?parent=254"}],"wp:term":[{"taxonomy":"category","embeddable":true,"href":"https:\/\/www.cabb-lille.fr\/index.php\/wp-json\/wp\/v2\/categories?post=254"},{"taxonomy":"post_tag","embeddable":true,"href":"https:\/\/www.cabb-lille.fr\/index.php\/wp-json\/wp\/v2\/tags?post=254"}],"curies":[{"name":"wp","href":"https:\/\/api.w.org\/{rel}","templated":true}]}}