{"id":3291,"date":"2021-10-28T10:13:04","date_gmt":"2021-10-28T08:13:04","guid":{"rendered":"http:\/\/www.cabb-lille.fr\/?p=3291"},"modified":"2021-10-28T10:13:14","modified_gmt":"2021-10-28T08:13:14","slug":"stage-de-percussions-bresiliennes","status":"publish","type":"post","link":"https:\/\/www.cabb-lille.fr\/index.php\/2021\/10\/28\/stage-de-percussions-bresiliennes\/","title":{"rendered":"STAGE DE PERCUSSIONS BR\u00c9SILIENNES"},"content":{"rendered":"\t\t<div data-elementor-type=\"wp-post\" data-elementor-id=\"3291\" class=\"elementor elementor-3291\" data-elementor-settings=\"[]\">\n\t\t\t<div class=\"elementor-inner\">\n\t\t\t\t<div class=\"elementor-section-wrap\">\n\t\t\t\t\t\t\t<section class=\"elementor-element elementor-element-859a086 elementor-section-boxed elementor-section-height-default elementor-section-height-default elementor-section elementor-top-section\" data-id=\"859a086\" data-element_type=\"section\">\n\t\t\t\t\t\t<div class=\"elementor-container elementor-column-gap-default\">\n\t\t\t\t<div class=\"elementor-row\">\n\t\t\t\t<div class=\"elementor-element elementor-element-8899105 elementor-column elementor-col-100 elementor-top-column\" data-id=\"8899105\" data-element_type=\"column\">\n\t\t\t<div class=\"elementor-column-wrap  elementor-element-populated\">\n\t\t\t\t\t<div class=\"elementor-widget-wrap\">\n\t\t\t\t<div class=\"elementor-element elementor-element-4c3cfef elementor-widget elementor-widget-text-editor\" data-id=\"4c3cfef\" data-element_type=\"widget\" data-widget_type=\"text-editor.default\">\n\t\t\t\t<div class=\"elementor-widget-container\">\n\t\t\t\t\t<div class=\"elementor-text-editor elementor-clearfix\"><div><b>Rythmes et bonne humeur : venez rejoindre la Bateria des Bois Blancs pour un stage de PERCUSSIONS BR\u00c9SILIENNES\u00a0<\/b><\/div><div><span style=\"color: #38761d;\"><b>Samedi 6 novembre<\/b><\/span><b>\u00a0<\/b>\u00a0: 10h \u00e0 12h \/ 14h \u00e0 16h30<br \/><span style=\"color: #38761d;\"><b>Dimanche 7 novembre<\/b><\/span>\u00a0\u00a0: 10h \u00e0 12h\u00a0<br \/>Surdo,caixa, agogo, chocalho, timbao, repinique&#8230;<\/div><div>Jouez les rythmes du carnaval de Rio.\u00a0<img loading=\"lazy\" decoding=\"async\" class=\"CToWUd\" src=\"https:\/\/ci3.googleusercontent.com\/proxy\/h-fO4YbMTSjEwoEN3ulwE0JIg5YnCnmUg7zxzCKZNHAd7eRjTP3O_02_cz-G1hm306to2vmocxWcF1-J1rYSjwfQouvt9vDZ3HwuLhq2thPf2-L4Ww=s0-d-e1-ft#https:\/\/static.xx.fbcdn.net\/images\/emoji.php\/v9\/t8c\/1\/16\/1f389.png\" alt=\"\ud83c\udf89\" width=\"16\" height=\"16\" \/><br \/>Tout cela dans la joie et la bonne humeur sous les conseils du mestre R\u00e9my Roncin de Sabor Do Brasil.\u00a0<\/div><div><b><span style=\"color: #38761d;\">Ouvert \u00e0 tous les niveaux d\u00e9butants ou confirm\u00e9s.<\/span><\/b><\/div><div>Salle Brossolette &#8211; 58, rue Mermoz \/\u00a0Tarif : 10 \u20ac\u00a0<br \/><b>Infos et inscription :\u00a0<a href=\"http:\/\/contact@cabb-lille.fr\/\" target=\"_blank\" rel=\"noopener\" data-saferedirecturl=\"https:\/\/www.google.com\/url?q=http:\/\/contact@cabb-lille.fr\/&amp;source=gmail&amp;ust=1635494398344000&amp;usg=AFQjCNHHhLAEyasn3jp5d06AYmSoMeex7g\">contact@cabb-lille.fr\/<\/a>\u00a003 20 86 25 71<\/b><br \/>Pass sanitaire demand\u00e9 \u00e0 partir de 12 ans<\/div><div>\u00a0<\/div><\/div>\n\t\t\t\t<\/div>\n\t\t\t\t<\/div>\n\t\t\t\t\t\t<\/div>\n\t\t\t<\/div>\n\t\t<\/div>\n\t\t\t\t\t\t<\/div>\n\t\t\t<\/div>\n\t\t<\/section>\n\t\t\t\t\t\t<\/div>\n\t\t\t<\/div>\n\t\t<\/div>\n\t\t","protected":false},"excerpt":{"rendered":"<p>Rythmes et bonne humeur : venez rejoindre la Bateria des Bois Blancs pour un stage de PERCUSSIONS BR\u00c9SILIENNES\u00a0Samedi 6 novembre\u00a0\u00a0: 10h \u00e0 12h \/ 14h \u00e0 16h30Dimanche 7 novembre\u00a0\u00a0: 10h \u00e0 12h\u00a0Surdo,caixa, agogo, chocalho, timbao, repinique&#8230;Jouez les rythmes du carnaval [&hellip;]<\/p>\n","protected":false},"author":1,"featured_media":3292,"comment_status":"open","ping_status":"open","sticky":false,"template":"","format":"standard","meta":{"_monsterinsights_skip_tracking":false,"_monsterinsights_sitenote_active":false,"_monsterinsights_sitenote_note":"","_monsterinsights_sitenote_category":0,"amp_status":"","footnotes":""},"categories":[12,1],"tags":[],"class_list":["post-3291","post","type-post","status-publish","format-standard","has-post-thumbnail","hentry","category-les-animations","category-non-classe"],"_links":{"self":[{"href":"https:\/\/www.cabb-lille.fr\/index.php\/wp-json\/wp\/v2\/posts\/3291","targetHints":{"allow":["GET"]}}],"collection":[{"href":"https:\/\/www.cabb-lille.fr\/index.php\/wp-json\/wp\/v2\/posts"}],"about":[{"href":"https:\/\/www.cabb-lille.fr\/index.php\/wp-json\/wp\/v2\/types\/post"}],"author":[{"embeddable":true,"href":"https:\/\/www.cabb-lille.fr\/index.php\/wp-json\/wp\/v2\/users\/1"}],"replies":[{"embeddable":true,"href":"https:\/\/www.cabb-lille.fr\/index.php\/wp-json\/wp\/v2\/comments?post=3291"}],"version-history":[{"count":3,"href":"https:\/\/www.cabb-lille.fr\/index.php\/wp-json\/wp\/v2\/posts\/3291\/revisions"}],"predecessor-version":[{"id":3295,"href":"https:\/\/www.cabb-lille.fr\/index.php\/wp-json\/wp\/v2\/posts\/3291\/revisions\/3295"}],"wp:featuredmedia":[{"embeddable":true,"href":"https:\/\/www.cabb-lille.fr\/index.php\/wp-json\/wp\/v2\/media\/3292"}],"wp:attachment":[{"href":"https:\/\/www.cabb-lille.fr\/index.php\/wp-json\/wp\/v2\/media?parent=3291"}],"wp:term":[{"taxonomy":"category","embeddable":true,"href":"https:\/\/www.cabb-lille.fr\/index.php\/wp-json\/wp\/v2\/categories?post=3291"},{"taxonomy":"post_tag","embeddable":true,"href":"https:\/\/www.cabb-lille.fr\/index.php\/wp-json\/wp\/v2\/tags?post=3291"}],"curies":[{"name":"wp","href":"https:\/\/api.w.org\/{rel}","templated":true}]}}