{"id":359,"date":"2018-06-12T10:43:15","date_gmt":"2018-06-12T08:43:15","guid":{"rendered":"http:\/\/www.cabb-lille.fr\/?p=359"},"modified":"2018-06-12T10:43:15","modified_gmt":"2018-06-12T08:43:15","slug":"inscription-aux-ateliers-2018-2019","status":"publish","type":"post","link":"https:\/\/www.cabb-lille.fr\/index.php\/2018\/06\/12\/inscription-aux-ateliers-2018-2019\/","title":{"rendered":"Inscription aux ateliers 2018\/2019"},"content":{"rendered":"<p>Inscription le samedi 15 septembre &#8211; 10h \u00e0 12h \u00e0 l&#8217;Espace Pignon<\/p>\n<p>Horaires des ateliers :<\/p>\n<p>4 \u00e0 6 ans : mercredi de 11h \u00e0 12h ou de 16h \u00e0 17h<\/p>\n<p>5 \u00e0 9 ans : jeudi de 16h30 \u00e0 17h30<\/p>\n<p>7 \u00e0 12 ans : mercredi de 9h \u00e0 10h30 ou de 14h \u00e0 15h30<\/p>\n<p>s\u00e9niors : jeudi de 9h30 \u00e0 11h30<\/p>\n<p>interg\u00e9n\u00e9rationnel : samedi de 10h \u00e0 11h30<\/p>\n","protected":false},"excerpt":{"rendered":"<p>Inscription le samedi 15 septembre &#8211; 10h \u00e0 12h \u00e0 l&#8217;Espace Pignon Horaires des ateliers : 4 \u00e0 6 ans : mercredi de 11h \u00e0 12h ou de 16h \u00e0 17h 5 \u00e0 9 ans : jeudi de 16h30 \u00e0 [&hellip;]<\/p>\n","protected":false},"author":1,"featured_media":0,"comment_status":"open","ping_status":"open","sticky":false,"template":"","format":"standard","meta":{"_monsterinsights_skip_tracking":false,"_monsterinsights_sitenote_active":false,"_monsterinsights_sitenote_note":"","_monsterinsights_sitenote_category":0,"amp_status":"","footnotes":""},"categories":[9],"tags":[],"class_list":["post-359","post","type-post","status-publish","format-standard","hentry","category-les-ateliers"],"_links":{"self":[{"href":"https:\/\/www.cabb-lille.fr\/index.php\/wp-json\/wp\/v2\/posts\/359","targetHints":{"allow":["GET"]}}],"collection":[{"href":"https:\/\/www.cabb-lille.fr\/index.php\/wp-json\/wp\/v2\/posts"}],"about":[{"href":"https:\/\/www.cabb-lille.fr\/index.php\/wp-json\/wp\/v2\/types\/post"}],"author":[{"embeddable":true,"href":"https:\/\/www.cabb-lille.fr\/index.php\/wp-json\/wp\/v2\/users\/1"}],"replies":[{"embeddable":true,"href":"https:\/\/www.cabb-lille.fr\/index.php\/wp-json\/wp\/v2\/comments?post=359"}],"version-history":[{"count":1,"href":"https:\/\/www.cabb-lille.fr\/index.php\/wp-json\/wp\/v2\/posts\/359\/revisions"}],"predecessor-version":[{"id":360,"href":"https:\/\/www.cabb-lille.fr\/index.php\/wp-json\/wp\/v2\/posts\/359\/revisions\/360"}],"wp:attachment":[{"href":"https:\/\/www.cabb-lille.fr\/index.php\/wp-json\/wp\/v2\/media?parent=359"}],"wp:term":[{"taxonomy":"category","embeddable":true,"href":"https:\/\/www.cabb-lille.fr\/index.php\/wp-json\/wp\/v2\/categories?post=359"},{"taxonomy":"post_tag","embeddable":true,"href":"https:\/\/www.cabb-lille.fr\/index.php\/wp-json\/wp\/v2\/tags?post=359"}],"curies":[{"name":"wp","href":"https:\/\/api.w.org\/{rel}","templated":true}]}}