{"id":3593,"date":"2022-06-16T11:45:36","date_gmt":"2022-06-16T09:45:36","guid":{"rendered":"http:\/\/www.cabb-lille.fr\/?p=3593"},"modified":"2022-06-16T11:51:34","modified_gmt":"2022-06-16T09:51:34","slug":"bal-folk-et-recits-a-travers-chants","status":"publish","type":"post","link":"https:\/\/www.cabb-lille.fr\/index.php\/2022\/06\/16\/bal-folk-et-recits-a-travers-chants\/","title":{"rendered":"BAL FOLK et R\u00c9CITS A TRAVERS CHANTS"},"content":{"rendered":"\t\t<div data-elementor-type=\"wp-post\" data-elementor-id=\"3593\" class=\"elementor elementor-3593\" data-elementor-settings=\"[]\">\n\t\t\t<div class=\"elementor-inner\">\n\t\t\t\t<div class=\"elementor-section-wrap\">\n\t\t\t\t\t\t\t<section class=\"elementor-element elementor-element-925c3c5 elementor-section-boxed elementor-section-height-default elementor-section-height-default elementor-section elementor-top-section\" data-id=\"925c3c5\" data-element_type=\"section\">\n\t\t\t\t\t\t<div class=\"elementor-container elementor-column-gap-default\">\n\t\t\t\t<div class=\"elementor-row\">\n\t\t\t\t<div class=\"elementor-element elementor-element-a201ac4 elementor-column elementor-col-100 elementor-top-column\" data-id=\"a201ac4\" data-element_type=\"column\">\n\t\t\t<div class=\"elementor-column-wrap  elementor-element-populated\">\n\t\t\t\t\t<div class=\"elementor-widget-wrap\">\n\t\t\t\t<div class=\"elementor-element elementor-element-1c54c30 elementor-widget elementor-widget-text-editor\" data-id=\"1c54c30\" data-element_type=\"widget\" data-widget_type=\"text-editor.default\">\n\t\t\t\t<div class=\"elementor-widget-container\">\n\t\t\t\t\t<div class=\"elementor-text-editor elementor-clearfix\"><div><b><img decoding=\"async\" class=\"an1 CToWUd\" src=\"https:\/\/fonts.gstatic.com\/s\/e\/notoemoji\/14.0\/2733\/32.png\" alt=\"\u2733\" data-emoji=\"\u2733\" aria-label=\"\u2733\" \/>\u00a0Dans le cadre d&#8217;UTOPIA &#8211; CAP &#8221; AUTOUR DES REMPARTS \/ BOIS BLANCS, le CABB vous invite \u00e0 rejoindre le bal \u00a0et \u00e0 une balade chant\u00e9e, cont\u00e9e, dans\u00e9e le long du chemin de halage.<\/b><\/div><div>\u00a0<\/div><div><b><span style=\"color: #38761d; font-size: large;\">SAMEDI 25 JUIN \/ BAL FOLK avec &#8221; The Britches &#8220;<\/span><\/b><\/div><div><b>A partir de 17 h &#8211; Passerelle de Soubise (Quai G\u00e9ry Legrand)<\/b><\/div><div>17h15 : initiation aux danses avec &#8221; Join\u00a0The Craic &#8220;<\/div><div>18h45 : BAL FOLK (1\u00e8re set)<\/div><div>20h45 : BAL FOLK (2\u00e8me set)<\/div><div>\u00a0<\/div><div><a href=\"https:\/\/www.thebritches.fr\">THE BRITCHES<\/a><\/div><div>\u00a0<\/div><div>Bar et petite restauration<\/div><div>\u00a0<\/div><div><span style=\"font-size: large;\">\u00a0<\/span><span style=\"color: #38761d; font-size: large;\"><b>DIMANCHE 26 JUIN \/\u00a0<\/b><b>R\u00c9CITS \u00c0 TRAVERS\u00a0CHANTS<\/b><\/span><\/div><div><b>Rdv \u00e0 14h derri\u00e8re le Colys\u00e9e (Maison Folie de Lambersart)<\/b><\/div><div><b>BALADE CHANT\u00c9E, CONT\u00c9E, DANS\u00c9E<\/b><\/div><div>Avec la chorale Ad Libitum, le conteur Fran\u00e7ois Griffault et les danseurs de l&#8217;association M\u00c9TIS.<\/div><div>\u00a0<\/div><div>Retrouvez ci-dessous tout le programme de ce week-end festif<\/div><div>\u00a0<\/div><div><a href=\"https:\/\/utopia.lille3000.com\/event\/cap-autour-des-remparts-a-bois-blancs\/\">PROGRAMME CAP AUTOUR DES REMPARTS BOIS BLANCS<\/a><\/div><\/div>\n\t\t\t\t<\/div>\n\t\t\t\t<\/div>\n\t\t\t\t\t\t<\/div>\n\t\t\t<\/div>\n\t\t<\/div>\n\t\t\t\t\t\t<\/div>\n\t\t\t<\/div>\n\t\t<\/section>\n\t\t\t\t\t\t<\/div>\n\t\t\t<\/div>\n\t\t<\/div>\n\t\t","protected":false},"excerpt":{"rendered":"<p>\u00a0Dans le cadre d&#8217;UTOPIA &#8211; CAP &#8221; AUTOUR DES REMPARTS \/ BOIS BLANCS, le CABB vous invite \u00e0 rejoindre le bal \u00a0et \u00e0 une balade chant\u00e9e, cont\u00e9e, dans\u00e9e le long du chemin de halage.\u00a0SAMEDI 25 JUIN \/ BAL FOLK avec [&hellip;]<\/p>\n","protected":false},"author":1,"featured_media":3594,"comment_status":"open","ping_status":"open","sticky":false,"template":"","format":"standard","meta":{"_monsterinsights_skip_tracking":false,"_monsterinsights_sitenote_active":false,"_monsterinsights_sitenote_note":"","_monsterinsights_sitenote_category":0,"amp_status":"","footnotes":""},"categories":[12,1],"tags":[],"class_list":["post-3593","post","type-post","status-publish","format-standard","has-post-thumbnail","hentry","category-les-animations","category-non-classe"],"_links":{"self":[{"href":"https:\/\/www.cabb-lille.fr\/index.php\/wp-json\/wp\/v2\/posts\/3593","targetHints":{"allow":["GET"]}}],"collection":[{"href":"https:\/\/www.cabb-lille.fr\/index.php\/wp-json\/wp\/v2\/posts"}],"about":[{"href":"https:\/\/www.cabb-lille.fr\/index.php\/wp-json\/wp\/v2\/types\/post"}],"author":[{"embeddable":true,"href":"https:\/\/www.cabb-lille.fr\/index.php\/wp-json\/wp\/v2\/users\/1"}],"replies":[{"embeddable":true,"href":"https:\/\/www.cabb-lille.fr\/index.php\/wp-json\/wp\/v2\/comments?post=3593"}],"version-history":[{"count":4,"href":"https:\/\/www.cabb-lille.fr\/index.php\/wp-json\/wp\/v2\/posts\/3593\/revisions"}],"predecessor-version":[{"id":3598,"href":"https:\/\/www.cabb-lille.fr\/index.php\/wp-json\/wp\/v2\/posts\/3593\/revisions\/3598"}],"wp:featuredmedia":[{"embeddable":true,"href":"https:\/\/www.cabb-lille.fr\/index.php\/wp-json\/wp\/v2\/media\/3594"}],"wp:attachment":[{"href":"https:\/\/www.cabb-lille.fr\/index.php\/wp-json\/wp\/v2\/media?parent=3593"}],"wp:term":[{"taxonomy":"category","embeddable":true,"href":"https:\/\/www.cabb-lille.fr\/index.php\/wp-json\/wp\/v2\/categories?post=3593"},{"taxonomy":"post_tag","embeddable":true,"href":"https:\/\/www.cabb-lille.fr\/index.php\/wp-json\/wp\/v2\/tags?post=3593"}],"curies":[{"name":"wp","href":"https:\/\/api.w.org\/{rel}","templated":true}]}}