{"id":3803,"date":"2023-02-23T16:34:19","date_gmt":"2023-02-23T15:34:19","guid":{"rendered":"http:\/\/www.cabb-lille.fr\/?p=3803"},"modified":"2023-04-07T14:59:16","modified_gmt":"2023-04-07T12:59:16","slug":"chaos-umbilicus-vernissage-vendredi-3-mars-a-19h","status":"publish","type":"post","link":"https:\/\/www.cabb-lille.fr\/index.php\/2023\/02\/23\/chaos-umbilicus-vernissage-vendredi-3-mars-a-19h\/","title":{"rendered":"CHAOS UMBILICUS vernissage vendredi 3 mars \u00e0 19h"},"content":{"rendered":"\t\t<div data-elementor-type=\"wp-post\" data-elementor-id=\"3803\" class=\"elementor elementor-3803\" data-elementor-settings=\"[]\">\n\t\t\t<div class=\"elementor-inner\">\n\t\t\t\t<div class=\"elementor-section-wrap\">\n\t\t\t\t\t\t\t<section class=\"elementor-element elementor-element-f597335 elementor-section-boxed elementor-section-height-default elementor-section-height-default elementor-section elementor-top-section\" data-id=\"f597335\" data-element_type=\"section\">\n\t\t\t\t\t\t<div class=\"elementor-container elementor-column-gap-default\">\n\t\t\t\t<div class=\"elementor-row\">\n\t\t\t\t<div class=\"elementor-element elementor-element-497bd35 elementor-column elementor-col-100 elementor-top-column\" data-id=\"497bd35\" data-element_type=\"column\">\n\t\t\t<div class=\"elementor-column-wrap  elementor-element-populated\">\n\t\t\t\t\t<div class=\"elementor-widget-wrap\">\n\t\t\t\t<div class=\"elementor-element elementor-element-6bfbbdb elementor-widget elementor-widget-text-editor\" data-id=\"6bfbbdb\" data-element_type=\"widget\" data-widget_type=\"text-editor.default\">\n\t\t\t\t<div class=\"elementor-widget-container\">\n\t\t\t\t\t<div class=\"elementor-text-editor elementor-clearfix\"><div>C&#8217;est avec plaisir que nous vous invitons au<\/div><div><b>vernissage de l&#8217;exposition<\/b><\/div><div><span style=\"color: #0b5394; font-size: large;\">\u00a0<\/span><\/div><div><span style=\"color: #990000; font-size: large;\">CHAOS UMBILICUS &#8211; Thad\u00e9 Wolowiec<\/span><\/div><div><b>VENDREDI 03 MARS \u00c0 19H \u00c0 L&#8217;ESPACE\u00a0EDOUARD PIGNON<\/b><\/div><div>\u00a0<\/div><div><div><p><span style=\"color: #222222;\"><span style=\"font-family: Arial, sans-serif;\"><b>Artiste plasticien principalement acc\u00e8s vers la pratique du dessin, Thad\u00e9 Wolowiec est install\u00e9 aux Ateliers Jouret \u00e0 Roubaix. Il a suivi des \u00e9tudes artistiques \u00e0 l\u2019\u00e9cole d\u2019Art de Douai et Saint-Luc de Tournai.\u00a0<\/b><\/span><\/span><b>Au-del\u00e0 de ces dessins r\u00e9alis\u00e9s \u00e0 l\u2019encre de Chine, Thad\u00e9 explore aussi bien la peinture \u00e0 l\u2019huile et la sculpture dans sa pratique. \u00a0\u00a0<\/b><b>Le corps humain est sa mati\u00e8re premi\u00e8re, hybrid\u00e9 \u00e0 divers \u00e9l\u00e9ments de son environnement.\u00a0<\/b><\/p><p>&#8220;<i>De ma d\u00e9marche artistique, j\u2019explore essentiellement la th\u00e9matique du corps et la repr\u00e9sentation de l\u2019intime. Je d\u00e9construis l\u2019enveloppe physique pour cr\u00e9er un pont le reliant avec notre monde int\u00e9rieur et sensible. Je vois dans ces transformations hybrides, les manifestations de ce que nous exp\u00e9rimentons sur le plan \u00e9motionnel que notre corps accueille, ing\u00e8re, devenant ainsi le recueil qui raconte notre existence.<\/i><\/p><p><i>Je cherche \u00e0 mat\u00e9rialiser le caract\u00e8re indicible qui traverse notre chair. Il s\u2019agit pour moi d\u2019harmoniser notre monde int\u00e9rieur avec notre enveloppe corporelle, mettant en lumi\u00e8re notre sensibilit\u00e9 propre. Cette recherche de coh\u00e9sion parfois anarchique et brute permet de proposer une lecture plus symbolique et palpable de l\u2019union de ces deux dimensions, l\u2019une physique, l\u2019autre \u00e9motionnelle.\u00a0<\/i><\/p><p><i>Par le biais de mes cr\u00e9ations et particuli\u00e8rement pour cette exposition, j\u2019explore la place de l\u2019individu face \u00e0 son environnement alliant un \u00e9lan de mysticisme fantasm\u00e9 et cathartique.\u00a0<\/i><\/p><p><span style=\"color: #222222;\"><span style=\"font-family: Arial, sans-serif;\"><i>Entre d\u00e9construction et m\u00e9tamorphose, notre corps d\u00e9voile notre nature propre au travers de figures all\u00e9goriques empruntant le r\u00e9el pour mieux s\u2019en \u00e9chapper..<\/i>.&#8221;<\/span><\/span><\/p><p>\u00a0<\/p><div><div><b>Exposition CHAOS UMBILICUS visible du 03\/03 au 31\/03<\/b><\/div><div><b>Entr\u00e9e libre et gratuite<\/b><\/div><div>Mercredi au vendredi : 14h30 \u00e0 17h30<\/div><div>Samedi : 10h \u00e0 11h30<\/div><div>Dimanche : 15h \u00e0 18h (5-12-19 mars en pr\u00e9sence de l&#8217;artiste)<\/div><\/div><div>\u00a0<\/div><div dir=\"auto\">Retrouvez l&#8217;artiste sur les r\u00e9seaux :<\/div><div dir=\"auto\">Instagram: @thade_wolowiec<\/div><div dir=\"auto\">Behance: \u00a0<a href=\"https:\/\/www.behance.net\/thade\" target=\"_blank\" rel=\"noopener\" data-saferedirecturl=\"https:\/\/www.google.com\/url?q=https:\/\/www.behance.net\/thade&amp;source=gmail&amp;ust=1677252238113000&amp;usg=AOvVaw1DR0hjnX9Ue-h8YfkQD1Z4\">https:\/\/www.behance.net\/thade<\/a><\/div><div dir=\"auto\">Facebook: @Thad\u00e9<\/div><\/div><div class=\"yj6qo\">\u00a0<\/div><\/div><div>\u00a0<\/div><div>\u00a0<\/div><\/div>\n\t\t\t\t<\/div>\n\t\t\t\t<\/div>\n\t\t\t\t\t\t<\/div>\n\t\t\t<\/div>\n\t\t<\/div>\n\t\t\t\t\t\t<\/div>\n\t\t\t<\/div>\n\t\t<\/section>\n\t\t\t\t\t\t<\/div>\n\t\t\t<\/div>\n\t\t<\/div>\n\t\t","protected":false},"excerpt":{"rendered":"<p>C&#8217;est avec plaisir que nous vous invitons auvernissage de l&#8217;exposition\u00a0CHAOS UMBILICUS &#8211; Thad\u00e9 WolowiecVENDREDI 03 MARS \u00c0 19H \u00c0 L&#8217;ESPACE\u00a0EDOUARD PIGNON Artiste plasticien principalement acc\u00e8s vers la pratique du dessin, Thad\u00e9 Wolowiec est install\u00e9 aux Ateliers Jouret \u00e0 Roubaix. Il [&hellip;]<\/p>\n","protected":false},"author":1,"featured_media":3804,"comment_status":"closed","ping_status":"closed","sticky":false,"template":"","format":"standard","meta":{"_monsterinsights_skip_tracking":false,"_monsterinsights_sitenote_active":false,"_monsterinsights_sitenote_note":"","_monsterinsights_sitenote_category":0,"amp_status":"","footnotes":""},"categories":[7],"tags":[],"class_list":["post-3803","post","type-post","status-publish","format-standard","has-post-thumbnail","hentry","category-les-expositions"],"_links":{"self":[{"href":"https:\/\/www.cabb-lille.fr\/index.php\/wp-json\/wp\/v2\/posts\/3803","targetHints":{"allow":["GET"]}}],"collection":[{"href":"https:\/\/www.cabb-lille.fr\/index.php\/wp-json\/wp\/v2\/posts"}],"about":[{"href":"https:\/\/www.cabb-lille.fr\/index.php\/wp-json\/wp\/v2\/types\/post"}],"author":[{"embeddable":true,"href":"https:\/\/www.cabb-lille.fr\/index.php\/wp-json\/wp\/v2\/users\/1"}],"replies":[{"embeddable":true,"href":"https:\/\/www.cabb-lille.fr\/index.php\/wp-json\/wp\/v2\/comments?post=3803"}],"version-history":[{"count":3,"href":"https:\/\/www.cabb-lille.fr\/index.php\/wp-json\/wp\/v2\/posts\/3803\/revisions"}],"predecessor-version":[{"id":3858,"href":"https:\/\/www.cabb-lille.fr\/index.php\/wp-json\/wp\/v2\/posts\/3803\/revisions\/3858"}],"wp:featuredmedia":[{"embeddable":true,"href":"https:\/\/www.cabb-lille.fr\/index.php\/wp-json\/wp\/v2\/media\/3804"}],"wp:attachment":[{"href":"https:\/\/www.cabb-lille.fr\/index.php\/wp-json\/wp\/v2\/media?parent=3803"}],"wp:term":[{"taxonomy":"category","embeddable":true,"href":"https:\/\/www.cabb-lille.fr\/index.php\/wp-json\/wp\/v2\/categories?post=3803"},{"taxonomy":"post_tag","embeddable":true,"href":"https:\/\/www.cabb-lille.fr\/index.php\/wp-json\/wp\/v2\/tags?post=3803"}],"curies":[{"name":"wp","href":"https:\/\/api.w.org\/{rel}","templated":true}]}}