{"id":4144,"date":"2023-08-23T13:43:49","date_gmt":"2023-08-23T11:43:49","guid":{"rendered":"http:\/\/www.cabb-lille.fr\/?p=4144"},"modified":"2023-08-29T11:13:13","modified_gmt":"2023-08-29T09:13:13","slug":"de-la-bouche-aux-oreilles-journees-europeennes-du-patrimoine","status":"publish","type":"post","link":"https:\/\/www.cabb-lille.fr\/index.php\/2023\/08\/23\/de-la-bouche-aux-oreilles-journees-europeennes-du-patrimoine\/","title":{"rendered":"DE LA BOUCHE AUX OREILLES \/ Journ\u00e9es Europ\u00e9ennes du Patrimoine"},"content":{"rendered":"\t\t<div data-elementor-type=\"wp-post\" data-elementor-id=\"4144\" class=\"elementor elementor-4144\" data-elementor-settings=\"[]\">\n\t\t\t<div class=\"elementor-inner\">\n\t\t\t\t<div class=\"elementor-section-wrap\">\n\t\t\t\t\t\t\t<section class=\"elementor-element elementor-element-cffd2ca elementor-section-boxed elementor-section-height-default elementor-section-height-default elementor-section elementor-top-section\" data-id=\"cffd2ca\" data-element_type=\"section\">\n\t\t\t\t\t\t<div class=\"elementor-container elementor-column-gap-default\">\n\t\t\t\t<div class=\"elementor-row\">\n\t\t\t\t<div class=\"elementor-element elementor-element-c6a392a elementor-column elementor-col-100 elementor-top-column\" data-id=\"c6a392a\" data-element_type=\"column\">\n\t\t\t<div class=\"elementor-column-wrap  elementor-element-populated\">\n\t\t\t\t\t<div class=\"elementor-widget-wrap\">\n\t\t\t\t<div class=\"elementor-element elementor-element-3ac7b66 elementor-widget elementor-widget-text-editor\" data-id=\"3ac7b66\" data-element_type=\"widget\" data-widget_type=\"text-editor.default\">\n\t\t\t\t<div class=\"elementor-widget-container\">\n\t\t\t\t\t<div class=\"elementor-text-editor elementor-clearfix\"><div class=\"xdj266r x11i5rnm xat24cr x1mh8g0r x1vvkbs\">Retrouvez ci-dessous le programme des \u00e9v\u00e8nements organis\u00e9s par le CABB dans le cadre des Journ\u00e9es Europ\u00e9ennes du Patrimoine, sur le th\u00e8me du patrimoine vivant ! <span class=\"x3nfvp2 x1j61x8r x1fcty0u xdj266r xhhsvwb xat24cr xgzva0m xxymvpz xlup9mm x1kky2od\"><img loading=\"lazy\" decoding=\"async\" src=\"https:\/\/static.xx.fbcdn.net\/images\/emoji.php\/v9\/tf4\/1\/16\/2728.png\" alt=\"\u2728\" width=\"16\" height=\"16\" \/><\/span><\/div><div>\u00a0<\/div><div class=\"x11i5rnm xat24cr x1mh8g0r x1vvkbs xtlvy1s\"><strong>DE LA BOUCHE AUX OREILLES<\/strong><br \/><strong>Cuisine et berceuses un patrimoine culturel universel \u00e0 partager.\u00a0<span class=\"x3nfvp2 x1j61x8r x1fcty0u xdj266r xhhsvwb xat24cr xgzva0m xxymvpz xlup9mm x1kky2od\"><img loading=\"lazy\" decoding=\"async\" src=\"https:\/\/static.xx.fbcdn.net\/images\/emoji.php\/v9\/t33\/1\/16\/1f319.png\" alt=\"\ud83c\udf19\" width=\"16\" height=\"16\" \/><\/span><\/strong><\/div><div>\u00a0<\/div><div class=\"x11i5rnm xat24cr x1mh8g0r x1vvkbs xtlvy1s\">\u00a0 Le Centre d\u2019H\u00e9bergement \u00ab Sans fronti\u00e8res \u00bb de <a href=\"https:\/\/www.lasauvegardedunord.fr\/\">la Sauvegarde du Nord<\/a> a la particularit\u00e9 d\u2019accompagner des familles originaires de nombreux pays.<\/div><div>\u00a0<\/div><blockquote><div class=\"x11i5rnm xat24cr x1mh8g0r x1vvkbs xtlvy1s\">\u00a0 Accompagner les familles dans leur int\u00e9gration et leur insertion sociale et professionnelle passe par la valorisation des parcours, identit\u00e9s, patrimoines et cultures, afin de faire de cette diversit\u00e9 culturelle une force et une ouverture au monde.<\/div><\/blockquote><div class=\"x11i5rnm xat24cr x1mh8g0r x1vvkbs xtlvy1s\"><strong>\u00a0 Cette exposition est le r\u00e9sultat de deux projets ayant pour ambition de mettre \u00e0 l\u2019honneur ces patrimoines culturels : \u00ab Cuisiniers du Monde \u00bb et \u00ab Au bord des r\u00eaves, chants et berceuses du monde \u00bb.<\/strong><\/div><div class=\"x11i5rnm xat24cr x1mh8g0r x1vvkbs xtlvy1s\">\u00a0 Aid\u00e9es par la <a href=\"https:\/\/www.cielarustine.com\/la-compagnie\">Compagnie La Rustine<\/a> et l\u2019illustratrice Clo\u00fck, les familles et l\u2019\u00e9quipe du Centre d\u2019H\u00e9bergement se sont essay\u00e9es \u00e0 l\u2019art plastique et \u00e0 la musique.<\/div><div>\u00a0<\/div><div class=\"x11i5rnm xat24cr x1mh8g0r x1vvkbs xtlvy1s\"><em>L\u2019occasion pour chacun.e de prendre le temps.<\/em><br \/><em>Prendre le temps de parler de sa culture.<\/em><br \/><em>Prendre le temps de d\u00e9couvrir, d\u2019\u00e9changer, de partager, de s\u2019\u00e9couter, de fredonner.<\/em><br \/><em>Prendre le temps de se rencontrer.<\/em><br \/><em>Prendre un temps pour soi.<\/em><br \/><em>Venez partager avec nous cette \u0153uvre collective !<\/em><br \/><em>A votre tour de prendre le temps&#8230;<\/em><\/div><div class=\"x11i5rnm xat24cr x1mh8g0r x1vvkbs xtlvy1s\">\u00a0<\/div><div class=\"x11i5rnm xat24cr x1mh8g0r x1vvkbs xtlvy1s\"><strong>VERNISSAGE : VENDREDI 15 SEPTEMBRE \u00c0 18H<\/strong><br \/>Concert du groupe Canabebop (jazz)<\/div><div class=\"x11i5rnm xat24cr x1mh8g0r x1vvkbs xtlvy1s\">\u00a0<\/div><div class=\"x11i5rnm xat24cr x1mh8g0r x1vvkbs xtlvy1s\"><strong>EXPOSITION VISIBLE DU 15 AU 29 SEPTEMBRE 2023 \u00e0 l&#8217;Espace Edouard Pignon<\/strong><br \/>Horaires :<br \/>* du mercredi au vendredi de 14h30 \u00e0 17h30<br \/>* le samedi de 10h \u00e0 11h30<br \/>* le dimanche 15h \u00e0 18h<\/div><div class=\"x11i5rnm xat24cr x1mh8g0r x1vvkbs xtlvy1s\">\u00a0<\/div><div class=\"x11i5rnm xat24cr x1mh8g0r x1vvkbs xtlvy1s\"><strong>HORAIRES JOURNEES EUROPEENNES DU PATRIMOINE :<\/strong><\/div><div>\u00a0<\/div><div class=\"x11i5rnm xat24cr x1mh8g0r x1vvkbs xtlvy1s\"><strong>* Samedi 16 septembre :<\/strong> exposition visible de 10h \u00e0 12h et de 14h \u00e0 18h<br \/><strong>16H : CONTES RUSTRES par la Compagnie RingarDeluxe<\/strong>, conte musical \u00e0 partir de 6 ans<\/div><div>\u00a0<\/div><div class=\"x11i5rnm xat24cr x1mh8g0r x1vvkbs xtlvy1s\"><strong>* Dimanche 17 septembre :<\/strong> exposition visible de 14h \u00e0 18h<\/div><div class=\"x11i5rnm xat24cr x1mh8g0r x1vvkbs xtlvy1s\"><strong>DE 13H30 A 16H30 : ATELIER D&#8217;\u00c9CRITURE propos\u00e9 par <a href=\"https:\/\/zazipo.net\/Kexexa\">Zazie Mode d&#8217;Emploi<\/a><\/strong>, autour du th\u00e8me des berceuses<\/div><div class=\"x11i5rnm xat24cr x1mh8g0r x1vvkbs xtlvy1s\"><em>Inscriptions \u00e0 l&#8217;atelier : <a href=\"mailto:contact@cabb-lille.fr\">contact@cabb-lille.fr<\/a>.<\/em><\/div><\/div>\n\t\t\t\t<\/div>\n\t\t\t\t<\/div>\n\t\t\t\t\t\t<\/div>\n\t\t\t<\/div>\n\t\t<\/div>\n\t\t\t\t\t\t<\/div>\n\t\t\t<\/div>\n\t\t<\/section>\n\t\t\t\t<section class=\"elementor-element elementor-element-dbcc052 elementor-section-boxed elementor-section-height-default elementor-section-height-default elementor-section elementor-top-section\" data-id=\"dbcc052\" data-element_type=\"section\">\n\t\t\t\t\t\t<div class=\"elementor-container elementor-column-gap-default\">\n\t\t\t\t<div class=\"elementor-row\">\n\t\t\t\t<div class=\"elementor-element elementor-element-341c149 elementor-column elementor-col-100 elementor-top-column\" data-id=\"341c149\" data-element_type=\"column\">\n\t\t\t<div class=\"elementor-column-wrap  elementor-element-populated\">\n\t\t\t\t\t<div class=\"elementor-widget-wrap\">\n\t\t\t\t<div class=\"elementor-element elementor-element-9d3b24e elementor-widget elementor-widget-image\" data-id=\"9d3b24e\" data-element_type=\"widget\" data-widget_type=\"image.default\">\n\t\t\t\t<div class=\"elementor-widget-container\">\n\t\t\t\t\t<div class=\"elementor-image\">\n\t\t\t\t\t\t\t\t\t\t<img loading=\"lazy\" decoding=\"async\" width=\"640\" height=\"905\" src=\"https:\/\/www.cabb-lille.fr\/wp-content\/uploads\/2023\/08\/AFFICHE_web-DE-LA-BOUCHE-724x1024.jpg\" class=\"attachment-large size-large\" alt=\"\" srcset=\"https:\/\/www.cabb-lille.fr\/wp-content\/uploads\/2023\/08\/AFFICHE_web-DE-LA-BOUCHE-724x1024.jpg 724w, https:\/\/www.cabb-lille.fr\/wp-content\/uploads\/2023\/08\/AFFICHE_web-DE-LA-BOUCHE-212x300.jpg 212w, https:\/\/www.cabb-lille.fr\/wp-content\/uploads\/2023\/08\/AFFICHE_web-DE-LA-BOUCHE-768x1086.jpg 768w, https:\/\/www.cabb-lille.fr\/wp-content\/uploads\/2023\/08\/AFFICHE_web-DE-LA-BOUCHE-720x1018.jpg 720w, https:\/\/www.cabb-lille.fr\/wp-content\/uploads\/2023\/08\/AFFICHE_web-DE-LA-BOUCHE.jpg 1414w\" sizes=\"auto, (max-width: 640px) 100vw, 640px\" \/>\t\t\t\t\t\t\t\t\t\t\t<\/div>\n\t\t\t\t<\/div>\n\t\t\t\t<\/div>\n\t\t\t\t\t\t<\/div>\n\t\t\t<\/div>\n\t\t<\/div>\n\t\t\t\t\t\t<\/div>\n\t\t\t<\/div>\n\t\t<\/section>\n\t\t\t\t\t\t<\/div>\n\t\t\t<\/div>\n\t\t<\/div>\n\t\t","protected":false},"excerpt":{"rendered":"<p>Retrouvez ci-dessous le programme des \u00e9v\u00e8nements organis\u00e9s par le CABB dans le cadre des Journ\u00e9es Europ\u00e9ennes du Patrimoine, sur le th\u00e8me du patrimoine vivant ! \u00a0DE LA BOUCHE AUX OREILLESCuisine et berceuses un patrimoine culturel universel \u00e0 partager.\u00a0\u00a0\u00a0 Le Centre [&hellip;]<\/p>\n","protected":false},"author":1,"featured_media":4148,"comment_status":"closed","ping_status":"closed","sticky":false,"template":"","format":"standard","meta":{"_monsterinsights_skip_tracking":false,"_monsterinsights_sitenote_active":false,"_monsterinsights_sitenote_note":"","_monsterinsights_sitenote_category":0,"amp_status":"","footnotes":""},"categories":[12,7],"tags":[],"class_list":["post-4144","post","type-post","status-publish","format-standard","has-post-thumbnail","hentry","category-les-animations","category-les-expositions"],"_links":{"self":[{"href":"https:\/\/www.cabb-lille.fr\/index.php\/wp-json\/wp\/v2\/posts\/4144","targetHints":{"allow":["GET"]}}],"collection":[{"href":"https:\/\/www.cabb-lille.fr\/index.php\/wp-json\/wp\/v2\/posts"}],"about":[{"href":"https:\/\/www.cabb-lille.fr\/index.php\/wp-json\/wp\/v2\/types\/post"}],"author":[{"embeddable":true,"href":"https:\/\/www.cabb-lille.fr\/index.php\/wp-json\/wp\/v2\/users\/1"}],"replies":[{"embeddable":true,"href":"https:\/\/www.cabb-lille.fr\/index.php\/wp-json\/wp\/v2\/comments?post=4144"}],"version-history":[{"count":4,"href":"https:\/\/www.cabb-lille.fr\/index.php\/wp-json\/wp\/v2\/posts\/4144\/revisions"}],"predecessor-version":[{"id":4150,"href":"https:\/\/www.cabb-lille.fr\/index.php\/wp-json\/wp\/v2\/posts\/4144\/revisions\/4150"}],"wp:featuredmedia":[{"embeddable":true,"href":"https:\/\/www.cabb-lille.fr\/index.php\/wp-json\/wp\/v2\/media\/4148"}],"wp:attachment":[{"href":"https:\/\/www.cabb-lille.fr\/index.php\/wp-json\/wp\/v2\/media?parent=4144"}],"wp:term":[{"taxonomy":"category","embeddable":true,"href":"https:\/\/www.cabb-lille.fr\/index.php\/wp-json\/wp\/v2\/categories?post=4144"},{"taxonomy":"post_tag","embeddable":true,"href":"https:\/\/www.cabb-lille.fr\/index.php\/wp-json\/wp\/v2\/tags?post=4144"}],"curies":[{"name":"wp","href":"https:\/\/api.w.org\/{rel}","templated":true}]}}