{"id":4340,"date":"2024-02-02T10:13:42","date_gmt":"2024-02-02T09:13:42","guid":{"rendered":"http:\/\/www.cabb-lille.fr\/?p=4340"},"modified":"2024-03-01T11:04:03","modified_gmt":"2024-03-01T10:04:03","slug":"recif-de-papier-kauri-paper-studio-anouk-vigneau","status":"publish","type":"post","link":"https:\/\/www.cabb-lille.fr\/index.php\/2024\/02\/02\/recif-de-papier-kauri-paper-studio-anouk-vigneau\/","title":{"rendered":"R\u00c9CIF DE PAPIER \/ KAURI PAPER STUDIO &#8211; Anouk Vigneau"},"content":{"rendered":"\t\t<div data-elementor-type=\"wp-post\" data-elementor-id=\"4340\" class=\"elementor elementor-4340\" data-elementor-settings=\"[]\">\n\t\t\t<div class=\"elementor-inner\">\n\t\t\t\t<div class=\"elementor-section-wrap\">\n\t\t\t\t\t\t\t<section class=\"elementor-element elementor-element-369f94f elementor-section-boxed elementor-section-height-default elementor-section-height-default elementor-section elementor-top-section\" data-id=\"369f94f\" data-element_type=\"section\">\n\t\t\t\t\t\t<div class=\"elementor-container elementor-column-gap-default\">\n\t\t\t\t<div class=\"elementor-row\">\n\t\t\t\t<div class=\"elementor-element elementor-element-60a8105 elementor-column elementor-col-100 elementor-top-column\" data-id=\"60a8105\" data-element_type=\"column\">\n\t\t\t<div class=\"elementor-column-wrap  elementor-element-populated\">\n\t\t\t\t\t<div class=\"elementor-widget-wrap\">\n\t\t\t\t<div class=\"elementor-element elementor-element-bff673d elementor-widget elementor-widget-text-editor\" data-id=\"bff673d\" data-element_type=\"widget\" data-widget_type=\"text-editor.default\">\n\t\t\t\t<div class=\"elementor-widget-container\">\n\t\t\t\t\t<div class=\"elementor-text-editor elementor-clearfix\"><div style=\"text-align: center;\"><span style=\"color: #000000;\"><span style=\"font-family: verdana, sans-serif;\">C&#8217;est avec plaisir que nous vous invitons\u00a0<\/span>au vernissage<\/span><\/div><div>\u00a0<\/div><div style=\"text-align: center;\"><span style=\"color: #3d85c6; font-family: verdana, sans-serif; font-size: large;\"><b>R\u00c9CIF DE PAPIER<\/b><\/span><\/div><div style=\"text-align: center;\"><span style=\"color: #000000; font-family: verdana, sans-serif;\"><b>KAURI PAPER STUDIO<\/b><\/span><\/div><div style=\"text-align: center;\"><span style=\"color: #000000; font-family: verdana, sans-serif;\"><b>Anouk Vigneau<\/b><\/span><\/div><div style=\"text-align: center;\"><span style=\"color: #274e13; font-family: verdana, sans-serif;\"><b>\u00a0<\/b><\/span><\/div><div style=\"text-align: center;\"><b>VENDREDI 16 F\u00e9vrier 2024 \u00e0 19h<\/b><\/div><div style=\"text-align: center;\"><span style=\"font-family: verdana, sans-serif;\"><b>\u00e0 l&#8217;Espace \u00c9douard Pignon<\/b><\/span><\/div><div style=\"text-align: center;\"><span style=\"font-family: verdana, sans-serif; font-size: xx-small; color: #000000;\"><b>11, rue Guillaume Tell \/Lille<\/b><\/span><\/div><div>\u00a0<\/div><div><div><span style=\"color: #000000;\"><b>Anouk Vigneau est une artiste lilloise. Dipl\u00f4m\u00e9e de l\u2019Ecole Sup\u00e9rieur des Arts de Saint-Luc \u00e0 Tournai (BE), elle cr\u00e9\u00e9e KAURI PAPER STUDIO en 2019 en Normandie, avant de revenir dans sa r\u00e9gion natale, le Nord.<\/b><\/span><\/div><div><p><span style=\"color: #000000;\"><span style=\"font-family: Arial, sans-serif;\"><b>Elle propose \u00e0 l\u2019Espace Pignon une immersion artistique dans le monde merveilleux des fonds marins, des r\u00e9cifs, des coraux entie\u0300rement re\u0301alise\u0301e en papier.<\/b><\/span><\/span><\/p><\/div><div><div><span style=\"color: #000000;\"><i>\u00ab Chaque pie\u0300ce que je cre\u0301e est le fruit d&#8217;une exploration minutieuse et me\u0301ticuleuse. Je commence par e\u0301tudier les caracte\u0301ristiques et les de\u0301tails de l&#8217;animal, de la fleur ou de la plante que je souhaite repre\u0301senter. Je cherche a\u0300 comprendre leur essence, leur mouvement, leurs couleurs et leurs textures. C&#8217;est cette attention aux de\u0301tails qui donne vie a\u0300 mes cre\u0301ations en papier, en leur confe\u0301rant re\u0301alisme et expressivite\u0301.<\/i><\/span><\/div><div><span style=\"color: #000000;\"><i>\u00a0<\/i><\/span><\/div><p><span style=\"color: #000000;\"><span style=\"font-family: Arial, sans-serif;\"><i>Je m&#8217;efforce de repousser les limites de ma technique et d&#8217;explorer de nouvelles fac\u0327ons de manipuler le papier pour reproduire la beaute\u0301 complexe de la nature. Je de\u0301coupe, je plie, je superpose et je sculpte chaque morceau de papier avec pre\u0301cision, en cre\u0301ant des formes en trois dimensions qui semblent prendre vie sous les yeux du spectateur.<\/i><\/span><\/span><\/p><p><span style=\"color: #000000;\"><span style=\"font-family: Arial, sans-serif;\"><i>A\u0300 travers mes \u0153uvres, j&#8217;espe\u0300re susciter chez les spectateurs une r\u00e9sonance similaire aux \u00e9motions que j&#8217;ai ressenties tout au long de la cr\u00e9ation. Je souhaite e\u0301galement inspirer l&#8217;e\u0301merveillement et la connexion e\u0301motionnelle avec les animaux, la faune et la flore qui nous entourent, rappelant ainsi la magie et la grandeur de notre monde naturel. \u201c\u00a0 <\/i>Anouk Vigneau<\/span><\/span><\/p><\/div><p style=\"text-align: center;\"><span style=\"color: #3366ff;\"><b>VERNISSAGE VENDREDI 16 F\u00c9VRIER \u00c0 19H<\/b><\/span><\/p><p style=\"text-align: center;\"><span style=\"color: #565e77;\"><span style=\"font-family: Arial, sans-serif;\"><i><b>Entr\u00e9e libre et gratuite\u00a0<\/b><\/i><\/span><\/span><\/p><p style=\"text-align: center;\"><span style=\"color: #565e77;\"><span style=\"font-family: Arial, sans-serif;\"><i>Mercredi au vendredi : 14h30 \u00e0 17h30<\/i><\/span><\/span><\/p><p style=\"text-align: center;\"><span style=\"color: #565e77;\"><span style=\"font-family: Arial, sans-serif;\"><i>Samedi : 10h \u00e0 11h30 (ferm\u00e9e les samedis 2 et 9 mars)<\/i><\/span><\/span><\/p><p style=\"text-align: center;\"><span style=\"color: #565e77;\"><span style=\"font-family: Arial, sans-serif;\"><i>Dimanche : 15h \u00e0 18h en pr\u00e9sence de l&#8217;artiste\u00a0 <\/i><\/span><\/span><\/p><div style=\"text-align: center;\"><b>EXPOSITION VISIBLE du 16 f\u00e9vrier au 15 mars 2024<\/b><\/div><div style=\"text-align: center;\">\u00a0<\/div><p style=\"text-align: center;\"><span style=\"color: #565e77;\"><span style=\"font-family: Arial, sans-serif;\"><i>\u00a0<\/i><\/span><\/span><\/p><\/div><div>\u00a0<\/div><div>\u00a0<\/div><div>\u00a0<\/div><\/div>\n\t\t\t\t<\/div>\n\t\t\t\t<\/div>\n\t\t\t\t\t\t<\/div>\n\t\t\t<\/div>\n\t\t<\/div>\n\t\t\t\t\t\t<\/div>\n\t\t\t<\/div>\n\t\t<\/section>\n\t\t\t\t\t\t<\/div>\n\t\t\t<\/div>\n\t\t<\/div>\n\t\t","protected":false},"excerpt":{"rendered":"<p>C&#8217;est avec plaisir que nous vous invitons\u00a0au vernissage\u00a0R\u00c9CIF DE PAPIERKAURI PAPER STUDIOAnouk Vigneau\u00a0VENDREDI 16 F\u00e9vrier 2024 \u00e0 19h\u00e0 l&#8217;Espace \u00c9douard Pignon11, rue Guillaume Tell \/Lille\u00a0Anouk Vigneau est une artiste lilloise. Dipl\u00f4m\u00e9e de l\u2019Ecole Sup\u00e9rieur des Arts de Saint-Luc \u00e0 Tournai [&hellip;]<\/p>\n","protected":false},"author":1,"featured_media":4346,"comment_status":"closed","ping_status":"closed","sticky":false,"template":"","format":"standard","meta":{"_monsterinsights_skip_tracking":false,"_monsterinsights_sitenote_active":false,"_monsterinsights_sitenote_note":"","_monsterinsights_sitenote_category":0,"amp_status":"","footnotes":""},"categories":[7,1],"tags":[],"class_list":["post-4340","post","type-post","status-publish","format-standard","has-post-thumbnail","hentry","category-les-expositions","category-non-classe"],"_links":{"self":[{"href":"https:\/\/www.cabb-lille.fr\/index.php\/wp-json\/wp\/v2\/posts\/4340","targetHints":{"allow":["GET"]}}],"collection":[{"href":"https:\/\/www.cabb-lille.fr\/index.php\/wp-json\/wp\/v2\/posts"}],"about":[{"href":"https:\/\/www.cabb-lille.fr\/index.php\/wp-json\/wp\/v2\/types\/post"}],"author":[{"embeddable":true,"href":"https:\/\/www.cabb-lille.fr\/index.php\/wp-json\/wp\/v2\/users\/1"}],"replies":[{"embeddable":true,"href":"https:\/\/www.cabb-lille.fr\/index.php\/wp-json\/wp\/v2\/comments?post=4340"}],"version-history":[{"count":5,"href":"https:\/\/www.cabb-lille.fr\/index.php\/wp-json\/wp\/v2\/posts\/4340\/revisions"}],"predecessor-version":[{"id":4392,"href":"https:\/\/www.cabb-lille.fr\/index.php\/wp-json\/wp\/v2\/posts\/4340\/revisions\/4392"}],"wp:featuredmedia":[{"embeddable":true,"href":"https:\/\/www.cabb-lille.fr\/index.php\/wp-json\/wp\/v2\/media\/4346"}],"wp:attachment":[{"href":"https:\/\/www.cabb-lille.fr\/index.php\/wp-json\/wp\/v2\/media?parent=4340"}],"wp:term":[{"taxonomy":"category","embeddable":true,"href":"https:\/\/www.cabb-lille.fr\/index.php\/wp-json\/wp\/v2\/categories?post=4340"},{"taxonomy":"post_tag","embeddable":true,"href":"https:\/\/www.cabb-lille.fr\/index.php\/wp-json\/wp\/v2\/tags?post=4340"}],"curies":[{"name":"wp","href":"https:\/\/api.w.org\/{rel}","templated":true}]}}