{"id":4400,"date":"2024-04-09T12:46:51","date_gmt":"2024-04-09T10:46:51","guid":{"rendered":"http:\/\/www.cabb-lille.fr\/?p=4400"},"modified":"2024-04-09T12:48:21","modified_gmt":"2024-04-09T10:48:21","slug":"ag-du-cabb-mercredi-17-avril-18h30","status":"publish","type":"post","link":"https:\/\/www.cabb-lille.fr\/index.php\/2024\/04\/09\/ag-du-cabb-mercredi-17-avril-18h30\/","title":{"rendered":"AG du CABB \/ Mercredi 17 avril  &#8211; 18h30"},"content":{"rendered":"\t\t<div data-elementor-type=\"wp-post\" data-elementor-id=\"4400\" class=\"elementor elementor-4400\" data-elementor-settings=\"[]\">\n\t\t\t<div class=\"elementor-inner\">\n\t\t\t\t<div class=\"elementor-section-wrap\">\n\t\t\t\t\t\t\t<section class=\"elementor-element elementor-element-bc2f0cc elementor-section-boxed elementor-section-height-default elementor-section-height-default elementor-section elementor-top-section\" data-id=\"bc2f0cc\" data-element_type=\"section\">\n\t\t\t\t\t\t<div class=\"elementor-container elementor-column-gap-default\">\n\t\t\t\t<div class=\"elementor-row\">\n\t\t\t\t<div class=\"elementor-element elementor-element-0d71f9d elementor-column elementor-col-100 elementor-top-column\" data-id=\"0d71f9d\" data-element_type=\"column\">\n\t\t\t<div class=\"elementor-column-wrap  elementor-element-populated\">\n\t\t\t\t\t<div class=\"elementor-widget-wrap\">\n\t\t\t\t<div class=\"elementor-element elementor-element-7fde2b9 elementor-widget elementor-widget-text-editor\" data-id=\"7fde2b9\" data-element_type=\"widget\" data-widget_type=\"text-editor.default\">\n\t\t\t\t<div class=\"elementor-widget-container\">\n\t\t\t\t\t<div class=\"elementor-text-editor elementor-clearfix\"><div>Nous avons le plaisir de vous inviter \u00e0\u00a0<b>l\u2019Assembl\u00e9e G\u00e9n\u00e9rale du Comit\u00e9 d&#8217;Animation des Bois<\/b><b>Blancs<\/b>\u00a0qui aura lieu :<\/div><div>\u00a0<\/div><div><b>MERCREDI 17 avril 2024 \u00e0 18h30<\/b><br \/>\u00e0 l&#8217;Espace Edouard Pignon \/ 11, rue Guillaume Tell \u00e0 Lille<\/div><p>L&#8217;ordre du jour sera le suivant :<br \/>&#8211; Pr\u00e9sentation du rapport d&#8217;activit\u00e9s et du rapport moral<br \/>&#8211; Pr\u00e9sentation du rapport financier<br \/>&#8211; Election des membres du Conseil d&#8217;Administration<\/p><div>\u00a0<\/div><div>A l\u2019issue de cette AG, le Conseil d&#8217;Administration nouvellement \u00e9lu se r\u00e9unira pour \u00e9lire le bureau.<\/div><div>\u00a0<\/div><div>Pour plus d&#8217;infos : contact@cabb-lille.fr<\/div><\/div>\n\t\t\t\t<\/div>\n\t\t\t\t<\/div>\n\t\t\t\t\t\t<\/div>\n\t\t\t<\/div>\n\t\t<\/div>\n\t\t\t\t\t\t<\/div>\n\t\t\t<\/div>\n\t\t<\/section>\n\t\t\t\t\t\t<\/div>\n\t\t\t<\/div>\n\t\t<\/div>\n\t\t","protected":false},"excerpt":{"rendered":"<p>Nous avons le plaisir de vous inviter \u00e0\u00a0l\u2019Assembl\u00e9e G\u00e9n\u00e9rale du Comit\u00e9 d&#8217;Animation des BoisBlancs\u00a0qui aura lieu :\u00a0MERCREDI 17 avril 2024 \u00e0 18h30\u00e0 l&#8217;Espace Edouard Pignon \/ 11, rue Guillaume Tell \u00e0 Lille L&#8217;ordre du jour sera le suivant :&#8211; Pr\u00e9sentation [&hellip;]<\/p>\n","protected":false},"author":1,"featured_media":0,"comment_status":"closed","ping_status":"closed","sticky":false,"template":"","format":"standard","meta":{"_monsterinsights_skip_tracking":false,"_monsterinsights_sitenote_active":false,"_monsterinsights_sitenote_note":"","_monsterinsights_sitenote_category":0,"amp_status":"","footnotes":""},"categories":[1],"tags":[],"class_list":["post-4400","post","type-post","status-publish","format-standard","hentry","category-non-classe"],"_links":{"self":[{"href":"https:\/\/www.cabb-lille.fr\/index.php\/wp-json\/wp\/v2\/posts\/4400","targetHints":{"allow":["GET"]}}],"collection":[{"href":"https:\/\/www.cabb-lille.fr\/index.php\/wp-json\/wp\/v2\/posts"}],"about":[{"href":"https:\/\/www.cabb-lille.fr\/index.php\/wp-json\/wp\/v2\/types\/post"}],"author":[{"embeddable":true,"href":"https:\/\/www.cabb-lille.fr\/index.php\/wp-json\/wp\/v2\/users\/1"}],"replies":[{"embeddable":true,"href":"https:\/\/www.cabb-lille.fr\/index.php\/wp-json\/wp\/v2\/comments?post=4400"}],"version-history":[{"count":2,"href":"https:\/\/www.cabb-lille.fr\/index.php\/wp-json\/wp\/v2\/posts\/4400\/revisions"}],"predecessor-version":[{"id":4402,"href":"https:\/\/www.cabb-lille.fr\/index.php\/wp-json\/wp\/v2\/posts\/4400\/revisions\/4402"}],"wp:attachment":[{"href":"https:\/\/www.cabb-lille.fr\/index.php\/wp-json\/wp\/v2\/media?parent=4400"}],"wp:term":[{"taxonomy":"category","embeddable":true,"href":"https:\/\/www.cabb-lille.fr\/index.php\/wp-json\/wp\/v2\/categories?post=4400"},{"taxonomy":"post_tag","embeddable":true,"href":"https:\/\/www.cabb-lille.fr\/index.php\/wp-json\/wp\/v2\/tags?post=4400"}],"curies":[{"name":"wp","href":"https:\/\/api.w.org\/{rel}","templated":true}]}}