{"id":4644,"date":"2024-08-06T12:43:42","date_gmt":"2024-08-06T10:43:42","guid":{"rendered":"http:\/\/www.cabb-lille.fr\/?p=4644"},"modified":"2024-08-06T12:45:31","modified_gmt":"2024-08-06T10:45:31","slug":"cine-plein-air-la-petite-bande","status":"publish","type":"post","link":"https:\/\/www.cabb-lille.fr\/index.php\/2024\/08\/06\/cine-plein-air-la-petite-bande\/","title":{"rendered":"CIN\u00c9 PLEIN AIR LA PETITE BANDE !"},"content":{"rendered":"\t\t<div data-elementor-type=\"wp-post\" data-elementor-id=\"4644\" class=\"elementor elementor-4644\" data-elementor-settings=\"[]\">\n\t\t\t<div class=\"elementor-inner\">\n\t\t\t\t<div class=\"elementor-section-wrap\">\n\t\t\t\t\t\t\t<section class=\"elementor-element elementor-element-cc7801a elementor-section-boxed elementor-section-height-default elementor-section-height-default elementor-section elementor-top-section\" data-id=\"cc7801a\" data-element_type=\"section\">\n\t\t\t\t\t\t<div class=\"elementor-container elementor-column-gap-default\">\n\t\t\t\t<div class=\"elementor-row\">\n\t\t\t\t<div class=\"elementor-element elementor-element-201f54a elementor-column elementor-col-100 elementor-top-column\" data-id=\"201f54a\" data-element_type=\"column\">\n\t\t\t<div class=\"elementor-column-wrap  elementor-element-populated\">\n\t\t\t\t\t<div class=\"elementor-widget-wrap\">\n\t\t\t\t<div class=\"elementor-element elementor-element-8fa200c elementor-widget elementor-widget-text-editor\" data-id=\"8fa200c\" data-element_type=\"widget\" data-widget_type=\"text-editor.default\">\n\t\t\t\t<div class=\"elementor-widget-container\">\n\t\t\t\t\t<div class=\"elementor-text-editor elementor-clearfix\"><p><b>Vendredi 23 ao\u00fbt, Plaine des Vachers * &#8211; Quartier Bois Blancs, <\/b>Le CABB propose un\u00a0<b>CIN\u00c9MA PLEIN AIR : LA PETITE BANDE,<\/b> un film r\u00e9alis\u00e9 par Pierre Salvadori<\/p><p><b>Gratuit<\/b>\u00a0\/ Info\u00a0:\u00a0<a href=\"mailto:contact@cabb-lille.fr\" target=\"_blank\" rel=\"noopener\">contact@cabb-lille.fr<\/a><\/p><p><a href=\"https:\/\/www.allocine.fr\/video\/player_gen_cmedia=19596927&amp;cfilm=283477.html\" target=\"_blank\" rel=\"noopener\" data-saferedirecturl=\"https:\/\/www.google.com\/url?q=https:\/\/www.allocine.fr\/video\/player_gen_cmedia%3D19596927%26cfilm%3D283477.html&amp;source=gmail&amp;ust=1723025337071000&amp;usg=AOvVaw1ssm6gtQJfLmfXIXJCo-k5\">Bande annonce LA PETITE BANDE<\/a><\/p><p><b>A partir de 19h30<\/b> : bar et petite restauration.\u00a0 \u00a0\u00a0<\/p><p><b>21h15<\/b>\u00a0: projection du film<\/p><p><i><b>N&#8217;oubliez pas de ramener votre transat, coussin ou chaise&#8230;<\/b><\/i><\/p><p><b><img loading=\"lazy\" decoding=\"async\" class=\"an1\" draggable=\"false\" src=\"https:\/\/fonts.gstatic.com\/s\/e\/notoemoji\/15.0\/1f449\/72.png\" alt=\"\ud83d\udc49\" width=\"22\" height=\"22\" data-emoji=\"\ud83d\udc49\" aria-label=\"\ud83d\udc49\" \/> * En cas de pluie, l&#8217;\u00e9v\u00e9nement se fera<\/b><b>\u00a0au L&#8217;oc&#8217;Ale au 50, rue de Cassel.<\/b><\/p><p><i>Cet \u00e9v\u00e9nement s&#8217;inscrit dans le cadre de &#8221; l&#8217;\u00c9t\u00e9 culturel &#8220;,\u00a0 manifestation \u00e0 l&#8217;initiative du minist\u00e8re de la Culture et b\u00e9n\u00e9ficie du soutien de la Direction r\u00e9gionale des affaires culturelles des Hauts de France.\u00a0\u00a0<\/i><\/p><\/div>\n\t\t\t\t<\/div>\n\t\t\t\t<\/div>\n\t\t\t\t\t\t<\/div>\n\t\t\t<\/div>\n\t\t<\/div>\n\t\t\t\t\t\t<\/div>\n\t\t\t<\/div>\n\t\t<\/section>\n\t\t\t\t\t\t<\/div>\n\t\t\t<\/div>\n\t\t<\/div>\n\t\t","protected":false},"excerpt":{"rendered":"<p>Vendredi 23 ao\u00fbt, Plaine des Vachers * &#8211; Quartier Bois Blancs, Le CABB propose un\u00a0CIN\u00c9MA PLEIN AIR : LA PETITE BANDE, un film r\u00e9alis\u00e9 par Pierre Salvadori Gratuit\u00a0\/ Info\u00a0:\u00a0contact@cabb-lille.fr Bande annonce LA PETITE BANDE A partir de 19h30 : bar [&hellip;]<\/p>\n","protected":false},"author":1,"featured_media":4646,"comment_status":"closed","ping_status":"closed","sticky":false,"template":"","format":"standard","meta":{"_monsterinsights_skip_tracking":false,"_monsterinsights_sitenote_active":false,"_monsterinsights_sitenote_note":"","_monsterinsights_sitenote_category":0,"amp_status":"","footnotes":""},"categories":[12,1],"tags":[],"class_list":["post-4644","post","type-post","status-publish","format-standard","has-post-thumbnail","hentry","category-les-animations","category-non-classe"],"_links":{"self":[{"href":"https:\/\/www.cabb-lille.fr\/index.php\/wp-json\/wp\/v2\/posts\/4644","targetHints":{"allow":["GET"]}}],"collection":[{"href":"https:\/\/www.cabb-lille.fr\/index.php\/wp-json\/wp\/v2\/posts"}],"about":[{"href":"https:\/\/www.cabb-lille.fr\/index.php\/wp-json\/wp\/v2\/types\/post"}],"author":[{"embeddable":true,"href":"https:\/\/www.cabb-lille.fr\/index.php\/wp-json\/wp\/v2\/users\/1"}],"replies":[{"embeddable":true,"href":"https:\/\/www.cabb-lille.fr\/index.php\/wp-json\/wp\/v2\/comments?post=4644"}],"version-history":[{"count":2,"href":"https:\/\/www.cabb-lille.fr\/index.php\/wp-json\/wp\/v2\/posts\/4644\/revisions"}],"predecessor-version":[{"id":4647,"href":"https:\/\/www.cabb-lille.fr\/index.php\/wp-json\/wp\/v2\/posts\/4644\/revisions\/4647"}],"wp:featuredmedia":[{"embeddable":true,"href":"https:\/\/www.cabb-lille.fr\/index.php\/wp-json\/wp\/v2\/media\/4646"}],"wp:attachment":[{"href":"https:\/\/www.cabb-lille.fr\/index.php\/wp-json\/wp\/v2\/media?parent=4644"}],"wp:term":[{"taxonomy":"category","embeddable":true,"href":"https:\/\/www.cabb-lille.fr\/index.php\/wp-json\/wp\/v2\/categories?post=4644"},{"taxonomy":"post_tag","embeddable":true,"href":"https:\/\/www.cabb-lille.fr\/index.php\/wp-json\/wp\/v2\/tags?post=4644"}],"curies":[{"name":"wp","href":"https:\/\/api.w.org\/{rel}","templated":true}]}}