{"id":4715,"date":"2024-09-04T13:02:01","date_gmt":"2024-09-04T11:02:01","guid":{"rendered":"http:\/\/www.cabb-lille.fr\/?p=4715"},"modified":"2024-09-04T13:02:01","modified_gmt":"2024-09-04T11:02:01","slug":"hip-hop-hop-hop-exposition-vernissage-vendredi-13-septembre","status":"publish","type":"post","link":"https:\/\/www.cabb-lille.fr\/index.php\/2024\/09\/04\/hip-hop-hop-hop-exposition-vernissage-vendredi-13-septembre\/","title":{"rendered":"HIP, Hop, hop hop ! Exposition &#8211; Vernissage vendredi 13 septembre"},"content":{"rendered":"\t\t<div data-elementor-type=\"wp-post\" data-elementor-id=\"4715\" class=\"elementor elementor-4715\" data-elementor-settings=\"[]\">\n\t\t\t<div class=\"elementor-inner\">\n\t\t\t\t<div class=\"elementor-section-wrap\">\n\t\t\t\t\t\t\t<section class=\"elementor-element elementor-element-67c3e1f elementor-section-boxed elementor-section-height-default elementor-section-height-default elementor-section elementor-top-section\" data-id=\"67c3e1f\" data-element_type=\"section\">\n\t\t\t\t\t\t<div class=\"elementor-container elementor-column-gap-default\">\n\t\t\t\t<div class=\"elementor-row\">\n\t\t\t\t<div class=\"elementor-element elementor-element-ce9c3a5 elementor-column elementor-col-100 elementor-top-column\" data-id=\"ce9c3a5\" data-element_type=\"column\">\n\t\t\t<div class=\"elementor-column-wrap  elementor-element-populated\">\n\t\t\t\t\t<div class=\"elementor-widget-wrap\">\n\t\t\t\t<div class=\"elementor-element elementor-element-3c34832 elementor-widget elementor-widget-text-editor\" data-id=\"3c34832\" data-element_type=\"widget\" data-widget_type=\"text-editor.default\">\n\t\t\t\t<div class=\"elementor-widget-container\">\n\t\t\t\t\t<div class=\"elementor-text-editor elementor-clearfix\"><div style=\"text-align: center;\"><span style=\"font-family: verdana, sans-serif;\"><b>Rendez-vous le 13 septembre \u00e0 19h<\/b><\/span><\/div><div style=\"text-align: center;\"><span style=\"font-family: verdana, sans-serif;\"><b>\u00a0 pour le vernissage de l&#8217;exposition\u00a0<\/b><\/span><\/div><div style=\"text-align: center;\"><span style=\"color: #3d85c6; font-family: verdana, sans-serif; font-size: large;\"><b>HIP, Hop hop hop !\u00a0<\/b><\/span><\/div><div style=\"text-align: center;\"><span style=\"color: #000000; font-family: verdana, sans-serif;\"><b>Photographies &#8211; Pib<\/b><\/span><\/div><div style=\"text-align: center;\"><span style=\"color: #000000; font-family: verdana, sans-serif;\"><b>\u00a0<\/b><\/span><\/div><div style=\"text-align: center;\"><span style=\"color: #000000; font-family: verdana, sans-serif;\"><b>Artistes invit\u00e9s :<\/b><\/span><\/div><div style=\"text-align: center;\"><b> <\/b><b style=\"color: #000000; font-family: verdana, sans-serif; text-align: center;\">Fran\u00e7ois Henguelle<\/b><\/div><div style=\"text-align: center;\"><b style=\"color: #000000; font-family: verdana, sans-serif; text-align: center;\">\u00c9ric Fitamant<\/b><\/div><\/div>\n\t\t\t\t<\/div>\n\t\t\t\t<\/div>\n\t\t\t\t\t\t<\/div>\n\t\t\t<\/div>\n\t\t<\/div>\n\t\t\t\t\t\t<\/div>\n\t\t\t<\/div>\n\t\t<\/section>\n\t\t\t\t<section class=\"elementor-element elementor-element-46af51a elementor-section-boxed elementor-section-height-default elementor-section-height-default elementor-section elementor-top-section\" data-id=\"46af51a\" data-element_type=\"section\">\n\t\t\t\t\t\t<div class=\"elementor-container elementor-column-gap-default\">\n\t\t\t\t<div class=\"elementor-row\">\n\t\t\t\t<div class=\"elementor-element elementor-element-b4c754b elementor-column elementor-col-100 elementor-top-column\" data-id=\"b4c754b\" data-element_type=\"column\">\n\t\t\t<div class=\"elementor-column-wrap  elementor-element-populated\">\n\t\t\t\t\t<div class=\"elementor-widget-wrap\">\n\t\t\t\t<div class=\"elementor-element elementor-element-c306e86 elementor-widget elementor-widget-text-editor\" data-id=\"c306e86\" data-element_type=\"widget\" data-widget_type=\"text-editor.default\">\n\t\t\t\t<div class=\"elementor-widget-container\">\n\t\t\t\t\t<div class=\"elementor-text-editor elementor-clearfix\"><div><span style=\"color: #000000;\"><b>Pib\u00a0<\/b>est un photographe autodidacte, originaire de Lille qui s\u2019est form\u00e9 au hasard des exp\u00e9riences et des rencontres : Filmage, Laboratoire, Reportage pour la presse et couverture d\u2019\u00e9v\u00e9nements, etc\u2026 Pionnier de la photographie Hip Hop dans le Nord-Pas de Calais, il fut pendant longtemps\u00a0l\u2019un des seul.es\u00a0photographes pr\u00e9sent sur tous les \u00e9v\u00e9nements urbains aux c\u00f4t\u00e9s des activistes.<\/span><\/div><div>\u00a0<\/div><p><span style=\"color: #000000;\">Aujourd\u2019hui, son travail se situe \u00e0 la fois dans la presse r\u00e9gionale et nationale (photojournaliste titulaire au journal La Voix du Nord) mais aussi dans le milieu de la culture urbaine et le mouvement hip hop. Apr\u00e8s de nombreuses \u00e9ditions et expositions notamment \u00ab<i>Evad\u00e9(e)s 2<\/i>\u00a0Rue<i>\u00bb et \u00abLisboa\u00bb,\u00a0<\/i>Pib continue sa recherche photographique sur l\u2019individu et sa pr\u00e9sence dans la complexit\u00e9 urbaine, et s\u2019essaie \u00e0 la r\u00e9alisation de vid\u00e9os clips de rap et de courts-m\u00e9trages urbains.<\/span><\/p><p>\u00a0<\/p><\/div>\n\t\t\t\t<\/div>\n\t\t\t\t<\/div>\n\t\t\t\t\t\t<\/div>\n\t\t\t<\/div>\n\t\t<\/div>\n\t\t\t\t\t\t<\/div>\n\t\t\t<\/div>\n\t\t<\/section>\n\t\t\t\t<section class=\"elementor-element elementor-element-ccd9620 elementor-section-boxed elementor-section-height-default elementor-section-height-default elementor-section elementor-top-section\" data-id=\"ccd9620\" data-element_type=\"section\">\n\t\t\t\t\t\t<div class=\"elementor-container elementor-column-gap-default\">\n\t\t\t\t<div class=\"elementor-row\">\n\t\t\t\t<div class=\"elementor-element elementor-element-a328e3b elementor-column elementor-col-100 elementor-top-column\" data-id=\"a328e3b\" data-element_type=\"column\">\n\t\t\t<div class=\"elementor-column-wrap  elementor-element-populated\">\n\t\t\t\t\t<div class=\"elementor-widget-wrap\">\n\t\t\t\t<div class=\"elementor-element elementor-element-48f7cc4 elementor-widget elementor-widget-image\" data-id=\"48f7cc4\" data-element_type=\"widget\" data-widget_type=\"image.default\">\n\t\t\t\t<div class=\"elementor-widget-container\">\n\t\t\t\t\t<div class=\"elementor-image\">\n\t\t\t\t\t\t\t\t\t\t<img loading=\"lazy\" decoding=\"async\" width=\"640\" height=\"402\" src=\"https:\/\/www.cabb-lille.fr\/wp-content\/uploads\/2024\/08\/expo-eric-fitament-2.png\" class=\"attachment-large size-large\" alt=\"\" srcset=\"https:\/\/www.cabb-lille.fr\/wp-content\/uploads\/2024\/08\/expo-eric-fitament-2.png 745w, https:\/\/www.cabb-lille.fr\/wp-content\/uploads\/2024\/08\/expo-eric-fitament-2-300x188.png 300w, https:\/\/www.cabb-lille.fr\/wp-content\/uploads\/2024\/08\/expo-eric-fitament-2-720x452.png 720w\" sizes=\"auto, (max-width: 640px) 100vw, 640px\" \/>\t\t\t\t\t\t\t\t\t\t\t<\/div>\n\t\t\t\t<\/div>\n\t\t\t\t<\/div>\n\t\t\t\t\t\t<\/div>\n\t\t\t<\/div>\n\t\t<\/div>\n\t\t\t\t\t\t<\/div>\n\t\t\t<\/div>\n\t\t<\/section>\n\t\t\t\t<section class=\"elementor-element elementor-element-76ad0d3 elementor-section-boxed elementor-section-height-default elementor-section-height-default elementor-section elementor-top-section\" data-id=\"76ad0d3\" data-element_type=\"section\">\n\t\t\t\t\t\t<div class=\"elementor-container elementor-column-gap-default\">\n\t\t\t\t<div class=\"elementor-row\">\n\t\t\t\t<div class=\"elementor-element elementor-element-047aa2e elementor-column elementor-col-100 elementor-top-column\" data-id=\"047aa2e\" data-element_type=\"column\">\n\t\t\t<div class=\"elementor-column-wrap  elementor-element-populated\">\n\t\t\t\t\t<div class=\"elementor-widget-wrap\">\n\t\t\t\t<div class=\"elementor-element elementor-element-1034e6c elementor-widget elementor-widget-text-editor\" data-id=\"1034e6c\" data-element_type=\"widget\" data-widget_type=\"text-editor.default\">\n\t\t\t\t<div class=\"elementor-widget-container\">\n\t\t\t\t\t<div class=\"elementor-text-editor elementor-clearfix\"><p><span style=\"color: #000000;\"><span style=\"font-family: YAFdJt8dAY0 0, fb, auto;\"><b>Eric Fitamant<\/b> re\u0301alise des collages sauvages en ville. Une r\u00e9action \u00e0 la b\u00e9tonisation de nos villes modernes. Envol d\u2019oiseaux, hibou majestueux, poulpe sympathique&#8230; Ces \u0153uvres r\u00e9-ensauvagent la ville ! Po\u00e9sie, beaut\u00e9, surprise &#8230; Un beau cadeau aux passant.e.s..<\/span><\/span><\/p><p>\u00a0<\/p><\/div>\n\t\t\t\t<\/div>\n\t\t\t\t<\/div>\n\t\t\t\t\t\t<\/div>\n\t\t\t<\/div>\n\t\t<\/div>\n\t\t\t\t\t\t<\/div>\n\t\t\t<\/div>\n\t\t<\/section>\n\t\t\t\t<section class=\"elementor-element elementor-element-e950816 elementor-section-boxed elementor-section-height-default elementor-section-height-default elementor-section elementor-top-section\" data-id=\"e950816\" data-element_type=\"section\">\n\t\t\t\t\t\t<div class=\"elementor-container elementor-column-gap-default\">\n\t\t\t\t<div class=\"elementor-row\">\n\t\t\t\t<div class=\"elementor-element elementor-element-6285958 elementor-column elementor-col-100 elementor-top-column\" data-id=\"6285958\" data-element_type=\"column\">\n\t\t\t<div class=\"elementor-column-wrap  elementor-element-populated\">\n\t\t\t\t\t<div class=\"elementor-widget-wrap\">\n\t\t\t\t<div class=\"elementor-element elementor-element-5c8469a elementor-widget elementor-widget-image\" data-id=\"5c8469a\" data-element_type=\"widget\" data-widget_type=\"image.default\">\n\t\t\t\t<div class=\"elementor-widget-container\">\n\t\t\t\t\t<div class=\"elementor-image\">\n\t\t\t\t\t\t\t\t\t\t<img loading=\"lazy\" decoding=\"async\" width=\"526\" height=\"776\" src=\"https:\/\/www.cabb-lille.fr\/wp-content\/uploads\/2024\/08\/Franc\u0327ois-visuel.png\" class=\"attachment-large size-large\" alt=\"\" srcset=\"https:\/\/www.cabb-lille.fr\/wp-content\/uploads\/2024\/08\/Franc\u0327ois-visuel.png 526w, https:\/\/www.cabb-lille.fr\/wp-content\/uploads\/2024\/08\/Franc\u0327ois-visuel-203x300.png 203w\" sizes=\"auto, (max-width: 526px) 100vw, 526px\" \/>\t\t\t\t\t\t\t\t\t\t\t<\/div>\n\t\t\t\t<\/div>\n\t\t\t\t<\/div>\n\t\t\t\t\t\t<\/div>\n\t\t\t<\/div>\n\t\t<\/div>\n\t\t\t\t\t\t<\/div>\n\t\t\t<\/div>\n\t\t<\/section>\n\t\t\t\t<section class=\"elementor-element elementor-element-e66c509 elementor-section-boxed elementor-section-height-default elementor-section-height-default elementor-section elementor-top-section\" data-id=\"e66c509\" data-element_type=\"section\">\n\t\t\t\t\t\t<div class=\"elementor-container elementor-column-gap-default\">\n\t\t\t\t<div class=\"elementor-row\">\n\t\t\t\t<div class=\"elementor-element elementor-element-0208a07 elementor-column elementor-col-100 elementor-top-column\" data-id=\"0208a07\" data-element_type=\"column\">\n\t\t\t<div class=\"elementor-column-wrap  elementor-element-populated\">\n\t\t\t\t\t<div class=\"elementor-widget-wrap\">\n\t\t\t\t<div class=\"elementor-element elementor-element-69b65b1 elementor-widget elementor-widget-text-editor\" data-id=\"69b65b1\" data-element_type=\"widget\" data-widget_type=\"text-editor.default\">\n\t\t\t\t<div class=\"elementor-widget-container\">\n\t\t\t\t\t<div class=\"elementor-text-editor elementor-clearfix\"><div><p><span style=\"color: #000000;\"><span style=\"font-family: YAFdJt8dAY0 0, fb, auto;\"><b>Fran\u00e7ois Henguelle<\/b>, photographe autodidacte, a choisi de capturer la beaut\u00e9 fugace du monde, des lieux, des personnes&#8230; Des moments pr\u00e9cieux, rares, ou vuln\u00e9rables. Avant qu&#8217;ils ne s&#8217;effacent, saisissons-les.\u00a0<\/span>Amateur d&#8217;urbex, Fran\u00e7ois vous propose pour cette exposition autour des cultures urbaines des photographies de ses explorations.<\/span><\/p><\/div><\/div>\n\t\t\t\t<\/div>\n\t\t\t\t<\/div>\n\t\t\t\t\t\t<\/div>\n\t\t\t<\/div>\n\t\t<\/div>\n\t\t\t\t\t\t<\/div>\n\t\t\t<\/div>\n\t\t<\/section>\n\t\t\t\t<section class=\"elementor-element elementor-element-1c9b7d3 elementor-section-boxed elementor-section-height-default elementor-section-height-default elementor-section elementor-top-section\" data-id=\"1c9b7d3\" data-element_type=\"section\">\n\t\t\t\t\t\t<div class=\"elementor-container elementor-column-gap-default\">\n\t\t\t\t<div class=\"elementor-row\">\n\t\t\t\t<div class=\"elementor-element elementor-element-232da8a elementor-column elementor-col-100 elementor-top-column\" data-id=\"232da8a\" data-element_type=\"column\">\n\t\t\t<div class=\"elementor-column-wrap  elementor-element-populated\">\n\t\t\t\t\t<div class=\"elementor-widget-wrap\">\n\t\t\t\t<div class=\"elementor-element elementor-element-e01f79b elementor-widget elementor-widget-text-editor\" data-id=\"e01f79b\" data-element_type=\"widget\" data-widget_type=\"text-editor.default\">\n\t\t\t\t<div class=\"elementor-widget-container\">\n\t\t\t\t\t<div class=\"elementor-text-editor elementor-clearfix\"><div><div style=\"text-align: center;\"><b>EXPOSITION VISIBLE JUSQU&#8217;AU 27 SEPTEMBRE<\/b><\/div><div style=\"text-align: center;\"><b>\u00a0ENTR\u00c9E LIBRE ET GRATUITE :<\/b><\/div><div>\u00a0<\/div><div>Mercredi au vendredi : 14h30 \u00e0 17h30<\/div><div>Samedi : 10h \u00e0 11h30 \/ Dimanche : 15h \u00e0 18h<\/div><div>\u00a0<\/div><\/div><div><strong>JOURN\u00c9ES EUROP\u00c9ENNES DU PATRIMOINE :<\/strong><\/div><div>Samedi 21 septembre : 10h \u00e0 12h et 14h \u00e0 18h<\/div><div>Dimanche 22 septembre : 14h \u00e0 18h<\/div><div>\u00a0<\/div><div><p style=\"text-align: center;\">Une exposition propos\u00e9e dans le cadre des Journ\u00e9es Europ\u00e9ennes du patrimoine et r\u00e9alis\u00e9e en partenariat avec Art Track<\/p><p style=\"text-align: center;\">Pour retrouver le programme complet\u00a0 : <a href=\"http:\/\/www.cabb-lille.fr\/index.php\/2024\/08\/21\/hip-hop-hop-hop-festival-cultures-urbaines\/\">FESTIVAL HIP, Hop hop hop !<\/a><\/p><p style=\"margin-right: 0cm; margin-bottom: 0.0001pt; margin-left: 0cm; line-height: normal; font-size: 12pt; font-family: 'Times New Roman', serif; color: #222222;\"><span style=\"font-size: 11pt; font-family: Calibri, sans-serif;\"><i>Ce projet s\u2019inscrit dans le cadre de \u00ab L\u2019<span class=\"il\">\u00c9t\u00e9<\/span>\u00a0<span class=\"il\">culturel<\/span>\u00a0\u00bb, manifestation \u00e0 l\u2019initiative du minist\u00e8re de la\u00a0<span class=\"il\">Culture<\/span>, et b\u00e9n\u00e9ficie du soutien de la Direction r\u00e9gionale des affaires culturelles des Hauts-de-France.<\/i><\/span><\/p><\/div><div style=\"text-align: center;\">\u00a0<b style=\"color: #222222; font-family: Arial, Helvetica, sans-serif; font-size: small; text-align: center;\">Espace \u00c9douard Pignon\u00a0<\/b><span style=\"color: #222222; font-family: Arial, Helvetica, sans-serif; font-size: small; text-align: center;\">&#8211; 11 rue Guillaume Tell \/ Lille<\/span><\/div><\/div>\n\t\t\t\t<\/div>\n\t\t\t\t<\/div>\n\t\t\t\t\t\t<\/div>\n\t\t\t<\/div>\n\t\t<\/div>\n\t\t\t\t\t\t<\/div>\n\t\t\t<\/div>\n\t\t<\/section>\n\t\t\t\t\t\t<\/div>\n\t\t\t<\/div>\n\t\t<\/div>\n\t\t","protected":false},"excerpt":{"rendered":"<p>Rendez-vous le 13 septembre \u00e0 19h\u00a0 pour le vernissage de l&#8217;exposition\u00a0HIP, Hop hop hop !\u00a0Photographies &#8211; Pib\u00a0Artistes invit\u00e9s : Fran\u00e7ois Henguelle\u00c9ric FitamantPib\u00a0est un photographe autodidacte, originaire de Lille qui s\u2019est form\u00e9 au hasard des exp\u00e9riences et des rencontres : Filmage, [&hellip;]<\/p>\n","protected":false},"author":1,"featured_media":4689,"comment_status":"closed","ping_status":"closed","sticky":false,"template":"","format":"standard","meta":{"_monsterinsights_skip_tracking":false,"_monsterinsights_sitenote_active":false,"_monsterinsights_sitenote_note":"","_monsterinsights_sitenote_category":0,"amp_status":"","footnotes":""},"categories":[1],"tags":[],"class_list":["post-4715","post","type-post","status-publish","format-standard","has-post-thumbnail","hentry","category-non-classe"],"_links":{"self":[{"href":"https:\/\/www.cabb-lille.fr\/index.php\/wp-json\/wp\/v2\/posts\/4715","targetHints":{"allow":["GET"]}}],"collection":[{"href":"https:\/\/www.cabb-lille.fr\/index.php\/wp-json\/wp\/v2\/posts"}],"about":[{"href":"https:\/\/www.cabb-lille.fr\/index.php\/wp-json\/wp\/v2\/types\/post"}],"author":[{"embeddable":true,"href":"https:\/\/www.cabb-lille.fr\/index.php\/wp-json\/wp\/v2\/users\/1"}],"replies":[{"embeddable":true,"href":"https:\/\/www.cabb-lille.fr\/index.php\/wp-json\/wp\/v2\/comments?post=4715"}],"version-history":[{"count":4,"href":"https:\/\/www.cabb-lille.fr\/index.php\/wp-json\/wp\/v2\/posts\/4715\/revisions"}],"predecessor-version":[{"id":4720,"href":"https:\/\/www.cabb-lille.fr\/index.php\/wp-json\/wp\/v2\/posts\/4715\/revisions\/4720"}],"wp:featuredmedia":[{"embeddable":true,"href":"https:\/\/www.cabb-lille.fr\/index.php\/wp-json\/wp\/v2\/media\/4689"}],"wp:attachment":[{"href":"https:\/\/www.cabb-lille.fr\/index.php\/wp-json\/wp\/v2\/media?parent=4715"}],"wp:term":[{"taxonomy":"category","embeddable":true,"href":"https:\/\/www.cabb-lille.fr\/index.php\/wp-json\/wp\/v2\/categories?post=4715"},{"taxonomy":"post_tag","embeddable":true,"href":"https:\/\/www.cabb-lille.fr\/index.php\/wp-json\/wp\/v2\/tags?post=4715"}],"curies":[{"name":"wp","href":"https:\/\/api.w.org\/{rel}","templated":true}]}}