{"id":5002,"date":"2025-01-30T11:13:25","date_gmt":"2025-01-30T10:13:25","guid":{"rendered":"http:\/\/www.cabb-lille.fr\/?p=5002"},"modified":"2025-01-30T11:13:25","modified_gmt":"2025-01-30T10:13:25","slug":"atelier-avec-geoffroy-bogaert-dans-le-cadre-de-son-exposition-synecdote-composition-du-reste","status":"publish","type":"post","link":"https:\/\/www.cabb-lille.fr\/index.php\/2025\/01\/30\/atelier-avec-geoffroy-bogaert-dans-le-cadre-de-son-exposition-synecdote-composition-du-reste\/","title":{"rendered":"Atelier avec Geoffroy Bogaert dans le cadre de son exposition SYNECDOTE COMPOSITION DU RESTE"},"content":{"rendered":"\t\t<div data-elementor-type=\"wp-post\" data-elementor-id=\"5002\" class=\"elementor elementor-5002\" data-elementor-settings=\"[]\">\n\t\t\t<div class=\"elementor-inner\">\n\t\t\t\t<div class=\"elementor-section-wrap\">\n\t\t\t\t\t\t\t<section class=\"elementor-element elementor-element-91f3edf elementor-section-boxed elementor-section-height-default elementor-section-height-default elementor-section elementor-top-section\" data-id=\"91f3edf\" data-element_type=\"section\">\n\t\t\t\t\t\t<div class=\"elementor-container elementor-column-gap-default\">\n\t\t\t\t<div class=\"elementor-row\">\n\t\t\t\t<div class=\"elementor-element elementor-element-239cd4f elementor-column elementor-col-100 elementor-top-column\" data-id=\"239cd4f\" data-element_type=\"column\">\n\t\t\t<div class=\"elementor-column-wrap  elementor-element-populated\">\n\t\t\t\t\t<div class=\"elementor-widget-wrap\">\n\t\t\t\t<div class=\"elementor-element elementor-element-efe1beb elementor-widget elementor-widget-text-editor\" data-id=\"efe1beb\" data-element_type=\"widget\" data-widget_type=\"text-editor.default\">\n\t\t\t\t<div class=\"elementor-widget-container\">\n\t\t\t\t\t<div class=\"elementor-text-editor elementor-clearfix\"><p><span style=\"color: #222222; font-family: Arial, Helvetica, sans-serif; font-size: small;\">Dans le cadre de son exposition\u00a0<\/span><i style=\"color: #222222; font-family: Arial, Helvetica, sans-serif; font-size: small;\"><b>SYNECDOQUE, COMPOSITION DU RESTE<\/b><\/i><span style=\"color: #222222; font-family: Arial, Helvetica, sans-serif; font-size: small;\">, l&#8217;artiste Geoffroy Bogaert propose un\u00a0<\/span><b style=\"color: #222222; font-family: Arial, Helvetica, sans-serif; font-size: small;\">atelier<\/b><span style=\"color: #222222; font-family: Arial, Helvetica, sans-serif; font-size: small;\">\u00a0pour vous faire d\u00e9couvrir la teinture v\u00e9g\u00e9tale avec<\/span><b style=\"color: #222222; font-family: Arial, Helvetica, sans-serif; font-size: small;\">\u00a0les techniques de Shibori et Ecoprint.<\/b><\/p><p>\u00a0<\/p><div style=\"text-align: center;\"><span style=\"color: #000000; font-family: arial black, sans-serif; font-size: large;\"><b>JEUDI 13 F\u00c9VRIER<\/b><\/span><\/div><div style=\"text-align: center;\"><span style=\"color: #000000; font-family: arial, sans-serif; font-size: large;\">18h \u00e0 20h<\/span><\/div><div style=\"text-align: center;\"><span style=\"color: #000000; font-family: arial, sans-serif; font-size: large;\">Atelier pour adultes<\/span><\/div><div style=\"text-align: center;\"><span style=\"color: #000000; font-family: arial black, sans-serif;\"><b>\u00e0 l&#8217;Espace Pignon &#8211; 11 rue Guillaume Tell &#8211; Lille 59000<\/b><\/span><\/div><div style=\"text-align: center;\"><span style=\"color: #000000; font-family: arial black, sans-serif;\"><b>\u00a0<\/b><\/span><\/div><div>\u00a0<\/div><div><span style=\"color: #000000; font-family: arial, sans-serif;\"><b>Atelier gratuit<\/b>, sur\u00a0<b>inscription<\/b>\u00a0par mail au CABB :\u00a0<b><a href=\"mailto:contact@cabb-lille.fr\" target=\"_blank\" rel=\"noopener\">contact@cabb-lille.fr<\/a><\/b><\/span><\/div><\/div>\n\t\t\t\t<\/div>\n\t\t\t\t<\/div>\n\t\t\t\t\t\t<\/div>\n\t\t\t<\/div>\n\t\t<\/div>\n\t\t\t\t\t\t<\/div>\n\t\t\t<\/div>\n\t\t<\/section>\n\t\t\t\t\t\t<\/div>\n\t\t\t<\/div>\n\t\t<\/div>\n\t\t","protected":false},"excerpt":{"rendered":"<p>Dans le cadre de son exposition\u00a0SYNECDOQUE, COMPOSITION DU RESTE, l&#8217;artiste Geoffroy Bogaert propose un\u00a0atelier\u00a0pour vous faire d\u00e9couvrir la teinture v\u00e9g\u00e9tale avec\u00a0les techniques de Shibori et Ecoprint. JEUDI 13 F\u00c9VRIER18h \u00e0 20hAtelier pour adultes\u00e0 l&#8217;Espace Pignon &#8211; 11 rue Guillaume Tell [&hellip;]<\/p>\n","protected":false},"author":1,"featured_media":5005,"comment_status":"closed","ping_status":"closed","sticky":false,"template":"","format":"standard","meta":{"_monsterinsights_skip_tracking":false,"_monsterinsights_sitenote_active":false,"_monsterinsights_sitenote_note":"","_monsterinsights_sitenote_category":0,"amp_status":"","footnotes":""},"categories":[9,1],"tags":[],"class_list":["post-5002","post","type-post","status-publish","format-standard","has-post-thumbnail","hentry","category-les-ateliers","category-non-classe"],"_links":{"self":[{"href":"https:\/\/www.cabb-lille.fr\/index.php\/wp-json\/wp\/v2\/posts\/5002","targetHints":{"allow":["GET"]}}],"collection":[{"href":"https:\/\/www.cabb-lille.fr\/index.php\/wp-json\/wp\/v2\/posts"}],"about":[{"href":"https:\/\/www.cabb-lille.fr\/index.php\/wp-json\/wp\/v2\/types\/post"}],"author":[{"embeddable":true,"href":"https:\/\/www.cabb-lille.fr\/index.php\/wp-json\/wp\/v2\/users\/1"}],"replies":[{"embeddable":true,"href":"https:\/\/www.cabb-lille.fr\/index.php\/wp-json\/wp\/v2\/comments?post=5002"}],"version-history":[{"count":3,"href":"https:\/\/www.cabb-lille.fr\/index.php\/wp-json\/wp\/v2\/posts\/5002\/revisions"}],"predecessor-version":[{"id":5006,"href":"https:\/\/www.cabb-lille.fr\/index.php\/wp-json\/wp\/v2\/posts\/5002\/revisions\/5006"}],"wp:featuredmedia":[{"embeddable":true,"href":"https:\/\/www.cabb-lille.fr\/index.php\/wp-json\/wp\/v2\/media\/5005"}],"wp:attachment":[{"href":"https:\/\/www.cabb-lille.fr\/index.php\/wp-json\/wp\/v2\/media?parent=5002"}],"wp:term":[{"taxonomy":"category","embeddable":true,"href":"https:\/\/www.cabb-lille.fr\/index.php\/wp-json\/wp\/v2\/categories?post=5002"},{"taxonomy":"post_tag","embeddable":true,"href":"https:\/\/www.cabb-lille.fr\/index.php\/wp-json\/wp\/v2\/tags?post=5002"}],"curies":[{"name":"wp","href":"https:\/\/api.w.org\/{rel}","templated":true}]}}