{"id":537,"date":"2018-10-10T11:28:31","date_gmt":"2018-10-10T09:28:31","guid":{"rendered":"http:\/\/www.cabb-lille.fr\/?p=537"},"modified":"2018-10-25T17:22:33","modified_gmt":"2018-10-25T15:22:33","slug":"infimes-intimes-david-mostacci","status":"publish","type":"post","link":"https:\/\/www.cabb-lille.fr\/index.php\/2018\/10\/10\/infimes-intimes-david-mostacci\/","title":{"rendered":"Infimes, Intimes &#8211; David Mostacci"},"content":{"rendered":"<div style=\"text-align: center;\"><strong><span style=\"font-size: large;\">Du 19 octobre au 30 novembre <\/span><\/strong><\/div>\n<div style=\"text-align: center;\"><strong><span style=\"font-size: large;\">Vernissage le vendredi 19 octobre \u00e0 19h<\/span><\/strong><\/div>\n<div style=\"text-align: center;\"><\/div>\n<div><\/div>\n<div>\u00a0 \u00a0Le travail de David Mostacci se base essentiellement sur la pratique de m\u00e9diums bidimensionnels, notamment la peinture \u00e0 l\u2019huile et le dessin. Il consacre ses recherches \u00e0 la repr\u00e9sentation de sujets issus de son quotidien ou avec lesquels il a un affect particulier. En mettant en sc\u00e8ne des actions banales, \u00e9ph\u00e9m\u00e8res, habituelles qui se r\u00e9p\u00e8tent m\u00e9caniquement et en repr\u00e9sentant les objets de son foyer, il s\u2019attache \u00e0 suspendre le pr\u00e9sent. Sa mani\u00e8re de transcrire avec r\u00e9alisme son environnement\u00a0 nous offre une mise \u00e0 nu, un d\u00e9voilement de sa vie et nous propose ainsi une \u0153uvre introspective et intimiste.<\/div>\n<div><\/div>\n<div><\/div>\n<div>\u00a0 \u00a0 David Mostacci est n\u00e9 \u00e0 Somain en 1989. Il vit et travaille dans le nord de la France. Form\u00e9 au d\u00e9partement d\u2019arts plastiques de l\u2019Universit\u00e9 de Valenciennes et du Hainaut-Cambr\u00e9sis (59), il obtient une ma\u00eetrise en enseignement des arts plastiques en 2013. Parall\u00e8lement \u00e0 ses \u00e9tudes, il r\u00e9alise des d\u00e9cors de th\u00e9\u00e2tre et de nombreux ateliers dont l\u2019objectif est de sensibiliser diff\u00e9rents publics \u00e0 la pratique des arts plastiques. Il dispense par ailleurs des formations en arts appliqu\u00e9s dans la m\u00e9tropole lilloise. Il \u00e9labore \u00e9galement un module \u00e0 destination des \u00e9tudiants en esth\u00e9tique, ainsi que des vid\u00e9os p\u00e9dagogiques pour l\u2019\u00e9cole priv\u00e9e d\u2019enseignement \u00e0 distance Culture et Formation.<\/div>\n<div><\/div>\n<div>\n<div>\n<div style=\"text-align: center;\"><strong><span style=\"font-size: large;\">Espace Edouard Pignon,<\/span><\/strong><\/div>\n<div style=\"text-align: center;\"><strong><span style=\"font-size: large;\">11, rue Guillaume Tell, 59000 Lille\u00a0<\/span><\/strong><\/div>\n<div style=\"text-align: center;\">Entr\u00e9e libre \/ mercredi au vendredi de 14h30 \u00e0 17h30<\/div>\n<div style=\"text-align: center;\">Samedi : 10h \u00e0 11h30 \/ Dimanche : 15h \u00e0 18h<\/div>\n<div><\/div>\n<\/div>\n<div style=\"text-align: center;\">Vacances de Toussaint : ferm\u00e9 le samedi matin et le jeudi 1er novembre<\/div>\n<\/div>\n","protected":false},"excerpt":{"rendered":"<p>Du 19 octobre au 30 novembre Vernissage le vendredi 19 octobre \u00e0 19h \u00a0 \u00a0Le travail de David Mostacci se base essentiellement sur la pratique de m\u00e9diums bidimensionnels, notamment la peinture \u00e0 l\u2019huile et le dessin. Il consacre ses recherches [&hellip;]<\/p>\n","protected":false},"author":1,"featured_media":535,"comment_status":"open","ping_status":"open","sticky":false,"template":"","format":"standard","meta":{"_monsterinsights_skip_tracking":false,"_monsterinsights_sitenote_active":false,"_monsterinsights_sitenote_note":"","_monsterinsights_sitenote_category":0,"amp_status":"","footnotes":""},"categories":[7],"tags":[],"class_list":["post-537","post","type-post","status-publish","format-standard","has-post-thumbnail","hentry","category-les-expositions"],"_links":{"self":[{"href":"https:\/\/www.cabb-lille.fr\/index.php\/wp-json\/wp\/v2\/posts\/537","targetHints":{"allow":["GET"]}}],"collection":[{"href":"https:\/\/www.cabb-lille.fr\/index.php\/wp-json\/wp\/v2\/posts"}],"about":[{"href":"https:\/\/www.cabb-lille.fr\/index.php\/wp-json\/wp\/v2\/types\/post"}],"author":[{"embeddable":true,"href":"https:\/\/www.cabb-lille.fr\/index.php\/wp-json\/wp\/v2\/users\/1"}],"replies":[{"embeddable":true,"href":"https:\/\/www.cabb-lille.fr\/index.php\/wp-json\/wp\/v2\/comments?post=537"}],"version-history":[{"count":5,"href":"https:\/\/www.cabb-lille.fr\/index.php\/wp-json\/wp\/v2\/posts\/537\/revisions"}],"predecessor-version":[{"id":555,"href":"https:\/\/www.cabb-lille.fr\/index.php\/wp-json\/wp\/v2\/posts\/537\/revisions\/555"}],"wp:featuredmedia":[{"embeddable":true,"href":"https:\/\/www.cabb-lille.fr\/index.php\/wp-json\/wp\/v2\/media\/535"}],"wp:attachment":[{"href":"https:\/\/www.cabb-lille.fr\/index.php\/wp-json\/wp\/v2\/media?parent=537"}],"wp:term":[{"taxonomy":"category","embeddable":true,"href":"https:\/\/www.cabb-lille.fr\/index.php\/wp-json\/wp\/v2\/categories?post=537"},{"taxonomy":"post_tag","embeddable":true,"href":"https:\/\/www.cabb-lille.fr\/index.php\/wp-json\/wp\/v2\/tags?post=537"}],"curies":[{"name":"wp","href":"https:\/\/api.w.org\/{rel}","templated":true}]}}