{"id":556,"date":"2018-10-28T18:28:58","date_gmt":"2018-10-28T17:28:58","guid":{"rendered":"http:\/\/www.cabb-lille.fr\/?p=556"},"modified":"2018-10-28T18:28:58","modified_gmt":"2018-10-28T17:28:58","slug":"mardi-30-octobre-a-17h-a-lespace-pignon-visite-contee-infimes-intimes","status":"publish","type":"post","link":"https:\/\/www.cabb-lille.fr\/index.php\/2018\/10\/28\/mardi-30-octobre-a-17h-a-lespace-pignon-visite-contee-infimes-intimes\/","title":{"rendered":"Mardi 30 octobre \u00e0 17h \u00e0 l&#8217;Espace Pignon : Visite cont\u00e9e &#8221; Infimes Intimes &#8220;"},"content":{"rendered":"<p>Mardi 30 octobre \u00e0 17h \u00e0 l&#8217;Espace Pignon : visite cont\u00e9e avec Fran\u00e7ois Griffault autour de l&#8217;exposition &#8221; Infimes Intimes&#8221; . Une fa\u00e7on originale de d\u00e9couvrir l&#8217;exposition de David Mostacci. Pour petits et grands. Enfant \u00e0 partir de 4 ans &#8211; Entr\u00e9e libre<\/p>\n","protected":false},"excerpt":{"rendered":"<p>Mardi 30 octobre \u00e0 17h \u00e0 l&#8217;Espace Pignon : visite cont\u00e9e avec Fran\u00e7ois Griffault autour de l&#8217;exposition &#8221; Infimes Intimes&#8221; . Une fa\u00e7on originale de d\u00e9couvrir l&#8217;exposition de David Mostacci. Pour petits et grands. Enfant \u00e0 partir de 4 ans [&hellip;]<\/p>\n","protected":false},"author":1,"featured_media":557,"comment_status":"open","ping_status":"open","sticky":false,"template":"","format":"standard","meta":{"_monsterinsights_skip_tracking":false,"_monsterinsights_sitenote_active":false,"_monsterinsights_sitenote_note":"","_monsterinsights_sitenote_category":0,"amp_status":"","footnotes":""},"categories":[1],"tags":[],"class_list":["post-556","post","type-post","status-publish","format-standard","has-post-thumbnail","hentry","category-non-classe"],"_links":{"self":[{"href":"https:\/\/www.cabb-lille.fr\/index.php\/wp-json\/wp\/v2\/posts\/556","targetHints":{"allow":["GET"]}}],"collection":[{"href":"https:\/\/www.cabb-lille.fr\/index.php\/wp-json\/wp\/v2\/posts"}],"about":[{"href":"https:\/\/www.cabb-lille.fr\/index.php\/wp-json\/wp\/v2\/types\/post"}],"author":[{"embeddable":true,"href":"https:\/\/www.cabb-lille.fr\/index.php\/wp-json\/wp\/v2\/users\/1"}],"replies":[{"embeddable":true,"href":"https:\/\/www.cabb-lille.fr\/index.php\/wp-json\/wp\/v2\/comments?post=556"}],"version-history":[{"count":1,"href":"https:\/\/www.cabb-lille.fr\/index.php\/wp-json\/wp\/v2\/posts\/556\/revisions"}],"predecessor-version":[{"id":558,"href":"https:\/\/www.cabb-lille.fr\/index.php\/wp-json\/wp\/v2\/posts\/556\/revisions\/558"}],"wp:featuredmedia":[{"embeddable":true,"href":"https:\/\/www.cabb-lille.fr\/index.php\/wp-json\/wp\/v2\/media\/557"}],"wp:attachment":[{"href":"https:\/\/www.cabb-lille.fr\/index.php\/wp-json\/wp\/v2\/media?parent=556"}],"wp:term":[{"taxonomy":"category","embeddable":true,"href":"https:\/\/www.cabb-lille.fr\/index.php\/wp-json\/wp\/v2\/categories?post=556"},{"taxonomy":"post_tag","embeddable":true,"href":"https:\/\/www.cabb-lille.fr\/index.php\/wp-json\/wp\/v2\/tags?post=556"}],"curies":[{"name":"wp","href":"https:\/\/api.w.org\/{rel}","templated":true}]}}