{"id":635,"date":"2018-12-10T11:00:31","date_gmt":"2018-12-10T10:00:31","guid":{"rendered":"http:\/\/www.cabb-lille.fr\/?p=635"},"modified":"2019-01-16T12:12:13","modified_gmt":"2019-01-16T11:12:13","slug":"retour-en-images-sur-le-petit-marche-dedouard-p-des-7-8-et-9-decembre-2018","status":"publish","type":"post","link":"https:\/\/www.cabb-lille.fr\/index.php\/2018\/12\/10\/retour-en-images-sur-le-petit-marche-dedouard-p-des-7-8-et-9-decembre-2018\/","title":{"rendered":"Retour en images sur le Petit March\u00e9 d&#8217;Edouard P. des 7, 8 et 9 d\u00e9cembre 2018 \ud83c\udf81"},"content":{"rendered":"<p>Nous souhaitons tout d&#8217;abord remercier tou.te.s les cr\u00e9ateurs &amp; cr\u00e9atrices, les artistes et les b\u00e9n\u00e9voles pour avoir assurer les stands, les animations et les ateliers cr\u00e9atifs. Et surtout merci \u00e0 VOUS d&#8217;\u00eatre venus si nombreux \u00e0 l&#8217;Espace Pignon pour discuter, festoyer et surtout d\u00e9couvrir les p\u00e9pites artisanales de nos talents r\u00e9gionaux durant ce week-end de d\u00e9cembre, inaugur\u00e9 par la venue de St-Nicolas\u00a0\ud83d\ude42<\/p>\n<p>&nbsp;<\/p>\n<p><img loading=\"lazy\" decoding=\"async\" class=\"alignnone size-medium wp-image-579\" src=\"http:\/\/www.cabb-lille.fr\/wp-content\/uploads\/2018\/12\/Flyer-A5-Petit-March\u00e9-300x212.jpg\" alt=\"\" width=\"300\" height=\"212\" srcset=\"https:\/\/www.cabb-lille.fr\/wp-content\/uploads\/2018\/12\/Flyer-A5-Petit-March\u00e9-300x212.jpg 300w, https:\/\/www.cabb-lille.fr\/wp-content\/uploads\/2018\/12\/Flyer-A5-Petit-March\u00e9-768x543.jpg 768w, https:\/\/www.cabb-lille.fr\/wp-content\/uploads\/2018\/12\/Flyer-A5-Petit-March\u00e9-1024x724.jpg 1024w, https:\/\/www.cabb-lille.fr\/wp-content\/uploads\/2018\/12\/Flyer-A5-Petit-March\u00e9-720x509.jpg 720w\" sizes=\"auto, (max-width: 300px) 100vw, 300px\" \/> <img loading=\"lazy\" decoding=\"async\" class=\"alignnone size-medium wp-image-597\" src=\"http:\/\/www.cabb-lille.fr\/wp-content\/uploads\/2019\/01\/48385480_1915902741864921_7899954555528413184_o-200x300.jpg\" alt=\"\" width=\"200\" height=\"300\" srcset=\"https:\/\/www.cabb-lille.fr\/wp-content\/uploads\/2019\/01\/48385480_1915902741864921_7899954555528413184_o-200x300.jpg 200w, https:\/\/www.cabb-lille.fr\/wp-content\/uploads\/2019\/01\/48385480_1915902741864921_7899954555528413184_o-768x1151.jpg 768w, https:\/\/www.cabb-lille.fr\/wp-content\/uploads\/2019\/01\/48385480_1915902741864921_7899954555528413184_o-684x1024.jpg 684w, https:\/\/www.cabb-lille.fr\/wp-content\/uploads\/2019\/01\/48385480_1915902741864921_7899954555528413184_o-720x1079.jpg 720w, https:\/\/www.cabb-lille.fr\/wp-content\/uploads\/2019\/01\/48385480_1915902741864921_7899954555528413184_o.jpg 1367w\" sizes=\"auto, (max-width: 200px) 100vw, 200px\" \/><\/p>\n<p><img loading=\"lazy\" decoding=\"async\" class=\"alignnone size-medium wp-image-595\" src=\"http:\/\/www.cabb-lille.fr\/wp-content\/uploads\/2019\/01\/48270608_1915901931865002_2471922488242601984_o-300x225.jpg\" alt=\"\" width=\"300\" height=\"225\" srcset=\"https:\/\/www.cabb-lille.fr\/wp-content\/uploads\/2019\/01\/48270608_1915901931865002_2471922488242601984_o-300x225.jpg 300w, https:\/\/www.cabb-lille.fr\/wp-content\/uploads\/2019\/01\/48270608_1915901931865002_2471922488242601984_o-768x576.jpg 768w, https:\/\/www.cabb-lille.fr\/wp-content\/uploads\/2019\/01\/48270608_1915901931865002_2471922488242601984_o-1024x768.jpg 1024w, https:\/\/www.cabb-lille.fr\/wp-content\/uploads\/2019\/01\/48270608_1915901931865002_2471922488242601984_o-720x540.jpg 720w, https:\/\/www.cabb-lille.fr\/wp-content\/uploads\/2019\/01\/48270608_1915901931865002_2471922488242601984_o.jpg 2016w\" sizes=\"auto, (max-width: 300px) 100vw, 300px\" \/> <img loading=\"lazy\" decoding=\"async\" class=\"alignnone size-medium wp-image-594\" src=\"http:\/\/www.cabb-lille.fr\/wp-content\/uploads\/2019\/01\/48266552_1915902218531640_859480147714113536_o-300x225.jpg\" alt=\"\" width=\"300\" height=\"225\" srcset=\"https:\/\/www.cabb-lille.fr\/wp-content\/uploads\/2019\/01\/48266552_1915902218531640_859480147714113536_o-300x225.jpg 300w, https:\/\/www.cabb-lille.fr\/wp-content\/uploads\/2019\/01\/48266552_1915902218531640_859480147714113536_o-768x576.jpg 768w, https:\/\/www.cabb-lille.fr\/wp-content\/uploads\/2019\/01\/48266552_1915902218531640_859480147714113536_o-1024x768.jpg 1024w, https:\/\/www.cabb-lille.fr\/wp-content\/uploads\/2019\/01\/48266552_1915902218531640_859480147714113536_o-720x540.jpg 720w, https:\/\/www.cabb-lille.fr\/wp-content\/uploads\/2019\/01\/48266552_1915902218531640_859480147714113536_o.jpg 2016w\" sizes=\"auto, (max-width: 300px) 100vw, 300px\" \/><\/p>\n<p><img loading=\"lazy\" decoding=\"async\" class=\"alignnone size-medium wp-image-593\" src=\"http:\/\/www.cabb-lille.fr\/wp-content\/uploads\/2019\/01\/47682851_1915902358531626_3789680443918385152_o-300x225.jpg\" alt=\"\" width=\"300\" height=\"225\" srcset=\"https:\/\/www.cabb-lille.fr\/wp-content\/uploads\/2019\/01\/47682851_1915902358531626_3789680443918385152_o-300x225.jpg 300w, https:\/\/www.cabb-lille.fr\/wp-content\/uploads\/2019\/01\/47682851_1915902358531626_3789680443918385152_o-768x576.jpg 768w, https:\/\/www.cabb-lille.fr\/wp-content\/uploads\/2019\/01\/47682851_1915902358531626_3789680443918385152_o-1024x768.jpg 1024w, https:\/\/www.cabb-lille.fr\/wp-content\/uploads\/2019\/01\/47682851_1915902358531626_3789680443918385152_o-720x540.jpg 720w, https:\/\/www.cabb-lille.fr\/wp-content\/uploads\/2019\/01\/47682851_1915902358531626_3789680443918385152_o.jpg 2016w\" sizes=\"auto, (max-width: 300px) 100vw, 300px\" \/> <img loading=\"lazy\" decoding=\"async\" class=\"alignnone size-medium wp-image-592\" src=\"http:\/\/www.cabb-lille.fr\/wp-content\/uploads\/2019\/01\/47680924_1915902131864982_6181021928279506944_o-300x225.jpg\" alt=\"\" width=\"300\" height=\"225\" srcset=\"https:\/\/www.cabb-lille.fr\/wp-content\/uploads\/2019\/01\/47680924_1915902131864982_6181021928279506944_o-300x225.jpg 300w, https:\/\/www.cabb-lille.fr\/wp-content\/uploads\/2019\/01\/47680924_1915902131864982_6181021928279506944_o-768x576.jpg 768w, https:\/\/www.cabb-lille.fr\/wp-content\/uploads\/2019\/01\/47680924_1915902131864982_6181021928279506944_o-1024x768.jpg 1024w, https:\/\/www.cabb-lille.fr\/wp-content\/uploads\/2019\/01\/47680924_1915902131864982_6181021928279506944_o-720x540.jpg 720w, https:\/\/www.cabb-lille.fr\/wp-content\/uploads\/2019\/01\/47680924_1915902131864982_6181021928279506944_o.jpg 2016w\" sizes=\"auto, (max-width: 300px) 100vw, 300px\" \/> <img loading=\"lazy\" decoding=\"async\" class=\"alignnone size-medium wp-image-591\" src=\"http:\/\/www.cabb-lille.fr\/wp-content\/uploads\/2019\/01\/20181209_170950-min-300x225.jpg\" alt=\"\" width=\"300\" height=\"225\" srcset=\"https:\/\/www.cabb-lille.fr\/wp-content\/uploads\/2019\/01\/20181209_170950-min-300x225.jpg 300w, https:\/\/www.cabb-lille.fr\/wp-content\/uploads\/2019\/01\/20181209_170950-min-768x576.jpg 768w, https:\/\/www.cabb-lille.fr\/wp-content\/uploads\/2019\/01\/20181209_170950-min-1024x768.jpg 1024w, https:\/\/www.cabb-lille.fr\/wp-content\/uploads\/2019\/01\/20181209_170950-min-720x540.jpg 720w\" sizes=\"auto, (max-width: 300px) 100vw, 300px\" \/><\/p>\n","protected":false},"excerpt":{"rendered":"<p>Nous souhaitons tout d&#8217;abord remercier tou.te.s les cr\u00e9ateurs &amp; cr\u00e9atrices, les artistes et les b\u00e9n\u00e9voles pour avoir assurer les stands, les animations et les ateliers cr\u00e9atifs. Et surtout merci \u00e0 VOUS d&#8217;\u00eatre venus si nombreux \u00e0 l&#8217;Espace Pignon pour discuter, [&hellip;]<\/p>\n","protected":false},"author":1,"featured_media":0,"comment_status":"open","ping_status":"open","sticky":false,"template":"","format":"standard","meta":{"_monsterinsights_skip_tracking":false,"_monsterinsights_sitenote_active":false,"_monsterinsights_sitenote_note":"","_monsterinsights_sitenote_category":0,"amp_status":"","footnotes":""},"categories":[12],"tags":[],"class_list":["post-635","post","type-post","status-publish","format-standard","hentry","category-les-animations"],"_links":{"self":[{"href":"https:\/\/www.cabb-lille.fr\/index.php\/wp-json\/wp\/v2\/posts\/635","targetHints":{"allow":["GET"]}}],"collection":[{"href":"https:\/\/www.cabb-lille.fr\/index.php\/wp-json\/wp\/v2\/posts"}],"about":[{"href":"https:\/\/www.cabb-lille.fr\/index.php\/wp-json\/wp\/v2\/types\/post"}],"author":[{"embeddable":true,"href":"https:\/\/www.cabb-lille.fr\/index.php\/wp-json\/wp\/v2\/users\/1"}],"replies":[{"embeddable":true,"href":"https:\/\/www.cabb-lille.fr\/index.php\/wp-json\/wp\/v2\/comments?post=635"}],"version-history":[{"count":2,"href":"https:\/\/www.cabb-lille.fr\/index.php\/wp-json\/wp\/v2\/posts\/635\/revisions"}],"predecessor-version":[{"id":637,"href":"https:\/\/www.cabb-lille.fr\/index.php\/wp-json\/wp\/v2\/posts\/635\/revisions\/637"}],"wp:attachment":[{"href":"https:\/\/www.cabb-lille.fr\/index.php\/wp-json\/wp\/v2\/media?parent=635"}],"wp:term":[{"taxonomy":"category","embeddable":true,"href":"https:\/\/www.cabb-lille.fr\/index.php\/wp-json\/wp\/v2\/categories?post=635"},{"taxonomy":"post_tag","embeddable":true,"href":"https:\/\/www.cabb-lille.fr\/index.php\/wp-json\/wp\/v2\/tags?post=635"}],"curies":[{"name":"wp","href":"https:\/\/api.w.org\/{rel}","templated":true}]}}